{"id":1420,"date":"2017-02-18T07:20:22","date_gmt":"2017-02-18T06:20:22","guid":{"rendered":"http:\/\/hallofernweh.de\/?p=1420"},"modified":"2024-01-22T17:25:08","modified_gmt":"2024-01-22T16:25:08","slug":"winter-in-tromso","status":"publish","type":"post","link":"https:\/\/fernwehmotive.de\/en\/winter-in-tromso\/","title":{"rendered":"Winter in Troms\u00f8 - the Gateway to the Arctic"},"content":{"rendered":"<p><strong>Norway<\/strong>. A visit to Troms\u00f8 in winter quickly makes it clear why the city is called the gateway to the Arctic. The charming little harbour town makes one feel wanderlust when looking at the water. Many Norwegian expeditions to the Arctic have started from Troms\u00f8. The Polar Museum at the harbour offers you more detailed insights into polar research. Do you feel like having some real Arctic experiences? Here you can find out why a trip to Troms\u00f8 in winter is absolutely worthwhile. <\/p>\n\n\n\n<!--more-->\n\n\n\n<p>Unassigned, unpaid advertising. The article contains affiliate links.<\/p>\n\n\n\n<hr class=\"wp-block-separator has-css-opacity\"\/>\n\n\n\n<figure class=\"wp-block-image size-large td-caption-align-https:\/\/fernwehmotive.de\/wp-content\/uploads\/2020\/01\/norwegen-lappland-winter_02.jpg\"><img fetchpriority=\"high\" decoding=\"async\" width=\"1024\" height=\"683\" data-attachment-id=\"6648\" data-permalink=\"https:\/\/fernwehmotive.de\/en\/norwegen-lappland-winter_02\/\" data-orig-file=\"https:\/\/fernwehmotive.de\/wp-content\/uploads\/2020\/01\/norwegen-lappland-winter_02.jpg\" data-orig-size=\"1200,800\" data-comments-opened=\"1\" data-image-meta=\"{&quot;aperture&quot;:&quot;11&quot;,&quot;credit&quot;:&quot;mareike schadach&quot;,&quot;camera&quot;:&quot;Canon EOS 5D Mark III&quot;,&quot;caption&quot;:&quot;&quot;,&quot;created_timestamp&quot;:&quot;1486376251&quot;,&quot;copyright&quot;:&quot;mareike schadach&quot;,&quot;focal_length&quot;:&quot;28&quot;,&quot;iso&quot;:&quot;100&quot;,&quot;shutter_speed&quot;:&quot;0.0025&quot;,&quot;title&quot;:&quot;&quot;,&quot;orientation&quot;:&quot;0&quot;}\" data-image-title=\"norwegen-lappland-winter_02\" data-image-description=\"\" data-image-caption=\"&lt;p&gt;Bootsfahrt bei Lauklines, Norwegen&lt;\/p&gt;\" data-large-file=\"https:\/\/fernwehmotive.de\/wp-content\/uploads\/2020\/01\/norwegen-lappland-winter_02-1024x683.jpg\" src=\"https:\/\/fernwehmotive.de\/wp-content\/uploads\/2020\/01\/norwegen-lappland-winter_02-1024x683.jpg\" alt=\"Bootsfahrt bei Lauklines, Norwegen\" class=\"wp-image-6648\" srcset=\"https:\/\/fernwehmotive.de\/wp-content\/uploads\/2020\/01\/norwegen-lappland-winter_02-1024x683.jpg 1024w, https:\/\/fernwehmotive.de\/wp-content\/uploads\/2020\/01\/norwegen-lappland-winter_02-300x200.jpg 300w, https:\/\/fernwehmotive.de\/wp-content\/uploads\/2020\/01\/norwegen-lappland-winter_02-768x512.jpg 768w, https:\/\/fernwehmotive.de\/wp-content\/uploads\/2020\/01\/norwegen-lappland-winter_02-696x464.jpg 696w, https:\/\/fernwehmotive.de\/wp-content\/uploads\/2020\/01\/norwegen-lappland-winter_02-1068x712.jpg 1068w, https:\/\/fernwehmotive.de\/wp-content\/uploads\/2020\/01\/norwegen-lappland-winter_02.jpg 1200w\" sizes=\"(max-width: 1024px) 100vw, 1024px\" \/><figcaption class=\"wp-element-caption\">Sunrise during our boat trip near Lauklines, Norway<\/figcaption><\/figure>\n\n\n\n<h2 class=\"wp-block-heading\" id=\"inhalt\">What you will find in this article<\/h2>\n\n\n\n<p><strong><a href=\"#boot\">Winter Boat Trip on the Fjords<\/a><br><a href=\"#polarlicht\">See Northern Lights<\/a> <\/strong><br><strong><a href=\"#wettrennen\">Reindeer Race through Troms\u00f8's Pedestrian Zone<\/a><\/strong> <br><strong><a href=\"#schlitten\">Reindeer Sledge Ride under the Northern Lights<\/a><\/strong><br><strong><a href=\"#museum\">The \"Gateway to the Arctic\" - Polar History at the Polar Museum<\/a><\/strong><a href=\"#museum\"> <\/a><strong><a href=\"#museum\">in Troms\u00f8<\/a><\/strong><\/p>\n\n\n\n<hr class=\"wp-block-separator has-css-opacity\"\/>\n\n\n\n<h2 class=\"wp-block-heading\" id=\"boot\">Winter Boat Trip on the Fjords<\/h2>\n\n\n\n<p>When I planned our trip to Troms\u00f8 in winter, the boat trips were the first priority. As in the winter time, it is possible to see orcas in the fjords around Troms\u00f8. The whales follow the migrations of the herring shoals. Between November and January they are then in the fjords near Troms\u00f8 and can often be seen close to land. But a little luck is always part of it. This is unfortunately the case with animal observations. When we were in Troms\u00f8 at the beginning of February, the whales had unfortunately already moved on.<\/p>\n\n\n\n<figure class=\"wp-block-image size-large td-caption-align-https:\/\/fernwehmotive.de\/wp-content\/uploads\/2020\/01\/norwegen-lappland-winter_04.jpg\"><img decoding=\"async\" width=\"1024\" height=\"683\" data-attachment-id=\"6650\" data-permalink=\"https:\/\/fernwehmotive.de\/en\/norwegen-lappland-winter_04\/\" data-orig-file=\"https:\/\/fernwehmotive.de\/wp-content\/uploads\/2020\/01\/norwegen-lappland-winter_04.jpg\" data-orig-size=\"1200,800\" data-comments-opened=\"1\" data-image-meta=\"{&quot;aperture&quot;:&quot;6.3&quot;,&quot;credit&quot;:&quot;mareike schadach&quot;,&quot;camera&quot;:&quot;Canon EOS 5D Mark III&quot;,&quot;caption&quot;:&quot;&quot;,&quot;created_timestamp&quot;:&quot;1486379111&quot;,&quot;copyright&quot;:&quot;mareike schadach&quot;,&quot;focal_length&quot;:&quot;105&quot;,&quot;iso&quot;:&quot;100&quot;,&quot;shutter_speed&quot;:&quot;0.00125&quot;,&quot;title&quot;:&quot;&quot;,&quot;orientation&quot;:&quot;0&quot;}\" data-image-title=\"norwegen-lappland-winter_04\" data-image-description=\"\" data-image-caption=\"&lt;p&gt;K\u00fcste bei Lauklines, Norwegen&lt;\/p&gt;\" data-large-file=\"https:\/\/fernwehmotive.de\/wp-content\/uploads\/2020\/01\/norwegen-lappland-winter_04-1024x683.jpg\" src=\"https:\/\/fernwehmotive.de\/wp-content\/uploads\/2020\/01\/norwegen-lappland-winter_04-1024x683.jpg\" alt=\"K\u00fcste bei Lauklines, Norwegen\" class=\"wp-image-6650\" srcset=\"https:\/\/fernwehmotive.de\/wp-content\/uploads\/2020\/01\/norwegen-lappland-winter_04-1024x683.jpg 1024w, https:\/\/fernwehmotive.de\/wp-content\/uploads\/2020\/01\/norwegen-lappland-winter_04-300x200.jpg 300w, https:\/\/fernwehmotive.de\/wp-content\/uploads\/2020\/01\/norwegen-lappland-winter_04-768x512.jpg 768w, https:\/\/fernwehmotive.de\/wp-content\/uploads\/2020\/01\/norwegen-lappland-winter_04-696x464.jpg 696w, https:\/\/fernwehmotive.de\/wp-content\/uploads\/2020\/01\/norwegen-lappland-winter_04-1068x712.jpg 1068w, https:\/\/fernwehmotive.de\/wp-content\/uploads\/2020\/01\/norwegen-lappland-winter_04.jpg 1200w\" sizes=\"(max-width: 1024px) 100vw, 1024px\" \/><figcaption class=\"wp-element-caption\">Coast near Lauklines, Norway<\/figcaption><\/figure>\n\n\n\n<p>We made the trip by boat anyway and did not regret it at all. The landscape is breathtakingly beautiful and we saw many sea eagles. Our trip over the fjords started in Lauklines. Here we were still provided with a thermal suit and warm boots, because on the boat it became bitterly cold after a while. As it should be for the Arctic. <\/p>\n\n\n\n<figure class=\"wp-block-image size-large td-caption-align-https:\/\/fernwehmotive.de\/wp-content\/uploads\/2020\/01\/norwegen-lappland-winter_03.jpg\"><img decoding=\"async\" width=\"1024\" height=\"683\" data-attachment-id=\"6649\" data-permalink=\"https:\/\/fernwehmotive.de\/en\/norwegen-lappland-winter_03\/\" data-orig-file=\"https:\/\/fernwehmotive.de\/wp-content\/uploads\/2020\/01\/norwegen-lappland-winter_03.jpg\" data-orig-size=\"1200,800\" data-comments-opened=\"1\" data-image-meta=\"{&quot;aperture&quot;:&quot;6.3&quot;,&quot;credit&quot;:&quot;mareike schadach&quot;,&quot;camera&quot;:&quot;Canon EOS 5D Mark III&quot;,&quot;caption&quot;:&quot;&quot;,&quot;created_timestamp&quot;:&quot;1486378229&quot;,&quot;copyright&quot;:&quot;mareike schadach&quot;,&quot;focal_length&quot;:&quot;32&quot;,&quot;iso&quot;:&quot;100&quot;,&quot;shutter_speed&quot;:&quot;0.008&quot;,&quot;title&quot;:&quot;&quot;,&quot;orientation&quot;:&quot;0&quot;}\" data-image-title=\"norwegen-lappland-winter_03\" data-image-description=\"\" data-image-caption=\"&lt;p&gt;K\u00fcste bei Lauklines, Norwegen&lt;\/p&gt;\" data-large-file=\"https:\/\/fernwehmotive.de\/wp-content\/uploads\/2020\/01\/norwegen-lappland-winter_03-1024x683.jpg\" src=\"https:\/\/fernwehmotive.de\/wp-content\/uploads\/2020\/01\/norwegen-lappland-winter_03-1024x683.jpg\" alt=\"K\u00fcste bei Lauklines, Norwegen\" class=\"wp-image-6649\" srcset=\"https:\/\/fernwehmotive.de\/wp-content\/uploads\/2020\/01\/norwegen-lappland-winter_03-1024x683.jpg 1024w, https:\/\/fernwehmotive.de\/wp-content\/uploads\/2020\/01\/norwegen-lappland-winter_03-300x200.jpg 300w, https:\/\/fernwehmotive.de\/wp-content\/uploads\/2020\/01\/norwegen-lappland-winter_03-768x512.jpg 768w, https:\/\/fernwehmotive.de\/wp-content\/uploads\/2020\/01\/norwegen-lappland-winter_03-696x464.jpg 696w, https:\/\/fernwehmotive.de\/wp-content\/uploads\/2020\/01\/norwegen-lappland-winter_03-1068x712.jpg 1068w, https:\/\/fernwehmotive.de\/wp-content\/uploads\/2020\/01\/norwegen-lappland-winter_03.jpg 1200w\" sizes=\"(max-width: 1024px) 100vw, 1024px\" \/><figcaption class=\"wp-element-caption\">The morning sun conjures a golden shimmer on the mountains<\/figcaption><\/figure>\n\n\n\n<p>If you want to try to see the orcas yourself, it is best to ask the organizer of the boat tours which months he would recommend. The routes of the herrings change over the years and so do the routes of the orcas. Read more in my article <strong><a href=\"https:\/\/fernwehmotive.de\/en\/schnorcheln-orcas-norwegen\/\">At the Orcas' Lunch Table - Snorkeling with Orcas In Skierv\u00f8y, Norway<\/a><\/strong>.<\/p>\n\n\n\n<figure class=\"wp-block-image size-large td-caption-align-https:\/\/fernwehmotive.de\/wp-content\/uploads\/2020\/01\/norwegen-lappland-winter_05.jpg\"><img loading=\"lazy\" decoding=\"async\" width=\"1024\" height=\"683\" data-attachment-id=\"6651\" data-permalink=\"https:\/\/fernwehmotive.de\/en\/norwegen-lappland-winter_05\/\" data-orig-file=\"https:\/\/fernwehmotive.de\/wp-content\/uploads\/2020\/01\/norwegen-lappland-winter_05.jpg\" data-orig-size=\"1200,800\" data-comments-opened=\"1\" data-image-meta=\"{&quot;aperture&quot;:&quot;6.3&quot;,&quot;credit&quot;:&quot;mareike schadach&quot;,&quot;camera&quot;:&quot;Canon EOS 5D Mark III&quot;,&quot;caption&quot;:&quot;&quot;,&quot;created_timestamp&quot;:&quot;1486381009&quot;,&quot;copyright&quot;:&quot;mareike schadach&quot;,&quot;focal_length&quot;:&quot;105&quot;,&quot;iso&quot;:&quot;100&quot;,&quot;shutter_speed&quot;:&quot;0.003125&quot;,&quot;title&quot;:&quot;&quot;,&quot;orientation&quot;:&quot;0&quot;}\" data-image-title=\"norwegen-lappland-winter_05\" data-image-description=\"\" data-image-caption=\"&lt;p&gt;Morgenstimmung bei Lauklines, Norwegen&lt;\/p&gt;\" data-large-file=\"https:\/\/fernwehmotive.de\/wp-content\/uploads\/2020\/01\/norwegen-lappland-winter_05-1024x683.jpg\" src=\"https:\/\/fernwehmotive.de\/wp-content\/uploads\/2020\/01\/norwegen-lappland-winter_05-1024x683.jpg\" alt=\"Morgenstimmung bei Lauklines, Norwegen\" class=\"wp-image-6651\" srcset=\"https:\/\/fernwehmotive.de\/wp-content\/uploads\/2020\/01\/norwegen-lappland-winter_05-1024x683.jpg 1024w, https:\/\/fernwehmotive.de\/wp-content\/uploads\/2020\/01\/norwegen-lappland-winter_05-300x200.jpg 300w, https:\/\/fernwehmotive.de\/wp-content\/uploads\/2020\/01\/norwegen-lappland-winter_05-768x512.jpg 768w, https:\/\/fernwehmotive.de\/wp-content\/uploads\/2020\/01\/norwegen-lappland-winter_05-696x464.jpg 696w, https:\/\/fernwehmotive.de\/wp-content\/uploads\/2020\/01\/norwegen-lappland-winter_05-1068x712.jpg 1068w, https:\/\/fernwehmotive.de\/wp-content\/uploads\/2020\/01\/norwegen-lappland-winter_05.jpg 1200w\" sizes=\"(max-width: 1024px) 100vw, 1024px\" \/><figcaption class=\"wp-element-caption\">Even without whales, the morning atmosphere at Lauklines is an absolute highlight in the Norwegian winter.<\/figcaption><\/figure>\n\n\n\n<p>You are interested in whale-watching in winter? Then my article about <a href=\"https:\/\/fernwehmotive.de\/en\/%ef%bb%bflofoten-und-vesteralen-die-schoensten-ziele-im-winter-wandern-wale\/\"><strong>Lofoten and Vester\u00e5len<\/strong><\/a> might be something for you. <\/p>\n\n\n\n<h2 class=\"wp-block-heading\" id=\"polarlicht\">See Northern Lights<\/h2>\n\n\n\n<p>If you think of the Arctic in winter, you usually think of white snowy landscapes and northern lights. In green bands they move slowly across the sky and always amaze me. The mystical light plays in the night sky are simply beautiful. Sometimes there are even purple stripes at the edges.<\/p>\n\n\n\n<figure class=\"wp-block-image size-large td-caption-align-https:\/\/fernwehmotive.de\/wp-content\/uploads\/2017\/02\/troms\u00f6-winter_07.jpg\"><img loading=\"lazy\" decoding=\"async\" width=\"1024\" height=\"683\" data-attachment-id=\"6702\" data-permalink=\"https:\/\/fernwehmotive.de\/en\/winter-in-tromso\/tromsoe-winter_07-2\/\" data-orig-file=\"https:\/\/fernwehmotive.de\/wp-content\/uploads\/2017\/02\/troms\u00f6-winter_07.jpg\" data-orig-size=\"1200,800\" data-comments-opened=\"1\" data-image-meta=\"{&quot;aperture&quot;:&quot;2.8&quot;,&quot;credit&quot;:&quot;mareike schadach&quot;,&quot;camera&quot;:&quot;Canon EOS 5D Mark III&quot;,&quot;caption&quot;:&quot;&quot;,&quot;created_timestamp&quot;:&quot;1486322987&quot;,&quot;copyright&quot;:&quot;mareike schadach&quot;,&quot;focal_length&quot;:&quot;18&quot;,&quot;iso&quot;:&quot;1600&quot;,&quot;shutter_speed&quot;:&quot;2.5&quot;,&quot;title&quot;:&quot;&quot;,&quot;orientation&quot;:&quot;0&quot;}\" data-image-title=\"troms\u00f6-winter_07\" data-image-description=\"\" data-image-caption=\"\" data-large-file=\"https:\/\/fernwehmotive.de\/wp-content\/uploads\/2017\/02\/troms\u00f6-winter_07-1024x683.jpg\" src=\"https:\/\/fernwehmotive.de\/wp-content\/uploads\/2017\/02\/troms\u00f6-winter_07-1024x683.jpg\" alt=\"\" class=\"wp-image-6702\" srcset=\"https:\/\/fernwehmotive.de\/wp-content\/uploads\/2017\/02\/troms\u00f6-winter_07-1024x683.jpg 1024w, https:\/\/fernwehmotive.de\/wp-content\/uploads\/2017\/02\/troms\u00f6-winter_07-300x200.jpg 300w, https:\/\/fernwehmotive.de\/wp-content\/uploads\/2017\/02\/troms\u00f6-winter_07-768x512.jpg 768w, https:\/\/fernwehmotive.de\/wp-content\/uploads\/2017\/02\/troms\u00f6-winter_07-696x464.jpg 696w, https:\/\/fernwehmotive.de\/wp-content\/uploads\/2017\/02\/troms\u00f6-winter_07-1068x712.jpg 1068w, https:\/\/fernwehmotive.de\/wp-content\/uploads\/2017\/02\/troms\u00f6-winter_07.jpg 1200w\" sizes=\"(max-width: 1024px) 100vw, 1024px\" \/><\/figure>\n\n\n\n<p class=\"has-very-light-gray-background-color has-background\"><strong>Excursus: The Colours of the Northern Lights<\/strong><br>Aurora Borealis is created when electrons from the solar wind meet gas molecules in the Earth's atmosphere. The molecules are electrically charged and excited to glow. Red, green or blue light is produced. There are also mixed colours such as violet, white and yellow. The colour depends on the height at which the electrons hit the atmosphere. Because the atmosphere has a different gas composition depending on the altitude. At an altitude of 80 to 150 kilometres, the oxygen content is higher and green light is produced. In contrast, at an altitude of 150 to 600 kilometres there are more nitrogen atoms and red and blue light is produced.<\/p>\n\n\n\n<p>If you want to observe northern lights it is best to drive a little out of the city. Because the further away you are from the city, the less light pollution there is and the more intense the northern lights are visible. If you don't have your own vehicle, you can also join an organized aurora borealis tour. <\/p>\n\n\n\n<figure class=\"wp-block-image size-large td-caption-align-https:\/\/fernwehmotive.de\/wp-content\/uploads\/2017\/02\/troms\u00f6-winter_08.jpg\"><img loading=\"lazy\" decoding=\"async\" width=\"1024\" height=\"683\" data-attachment-id=\"6701\" data-permalink=\"https:\/\/fernwehmotive.de\/en\/winter-in-tromso\/tromsoe-winter_08\/\" data-orig-file=\"https:\/\/fernwehmotive.de\/wp-content\/uploads\/2017\/02\/troms\u00f6-winter_08.jpg\" data-orig-size=\"1200,800\" data-comments-opened=\"1\" data-image-meta=\"{&quot;aperture&quot;:&quot;2.8&quot;,&quot;credit&quot;:&quot;mareike schadach&quot;,&quot;camera&quot;:&quot;Canon EOS 5D Mark III&quot;,&quot;caption&quot;:&quot;&quot;,&quot;created_timestamp&quot;:&quot;1486322752&quot;,&quot;copyright&quot;:&quot;mareike schadach&quot;,&quot;focal_length&quot;:&quot;23&quot;,&quot;iso&quot;:&quot;1600&quot;,&quot;shutter_speed&quot;:&quot;2.5&quot;,&quot;title&quot;:&quot;&quot;,&quot;orientation&quot;:&quot;0&quot;}\" data-image-title=\"troms\u00f6-winter_08\" data-image-description=\"\" data-image-caption=\"\" data-large-file=\"https:\/\/fernwehmotive.de\/wp-content\/uploads\/2017\/02\/troms\u00f6-winter_08-1024x683.jpg\" src=\"https:\/\/fernwehmotive.de\/wp-content\/uploads\/2017\/02\/troms\u00f6-winter_08-1024x683.jpg\" alt=\"\" class=\"wp-image-6701\" srcset=\"https:\/\/fernwehmotive.de\/wp-content\/uploads\/2017\/02\/troms\u00f6-winter_08-1024x683.jpg 1024w, https:\/\/fernwehmotive.de\/wp-content\/uploads\/2017\/02\/troms\u00f6-winter_08-300x200.jpg 300w, https:\/\/fernwehmotive.de\/wp-content\/uploads\/2017\/02\/troms\u00f6-winter_08-768x512.jpg 768w, https:\/\/fernwehmotive.de\/wp-content\/uploads\/2017\/02\/troms\u00f6-winter_08-696x464.jpg 696w, https:\/\/fernwehmotive.de\/wp-content\/uploads\/2017\/02\/troms\u00f6-winter_08-1068x712.jpg 1068w, https:\/\/fernwehmotive.de\/wp-content\/uploads\/2017\/02\/troms\u00f6-winter_08.jpg 1200w\" sizes=\"(max-width: 1024px) 100vw, 1024px\" \/><\/figure>\n\n\n\n<p>In any case I can recommend a <a rel=\"noreferrer noopener\" aria-label=\"Polarlicht-Vorhersage-App (opens in a new tab)\" href=\"https:\/\/play.google.com\/store\/apps\/details?id=com.jrustonapps.myauroraforecast&amp;hl=de\" target=\"_blank\">Prediction App<\/a>. It informs you how high the probability for aurora borealis is at your location. The app uses the so-called KP-Index for this purpose. Furthermore the app offers you a forecast for the coming hours and days.<\/p>\n\n\n\n<p>To take pictures of the aurora, you need a tripod and a fast lens. You should set the iso-value of your camera with open aperture so that the image noise does not affect the image quality. This varies from camera to camera. <\/p>\n\n\n\n<h2 class=\"wp-block-heading\" id=\"wettrennen\">Reindeer Race through Troms\u00f8's Pedestrian Zone<\/h2>\n\n\n\n<p>Every year on a Sunday in February the pedestrian zone in Troms\u00f8 is transformed into a race track. In the middle of the Storgata, snow is piled up, at the northern end start boxes are set up and at the southern end the finish line is marked out.<\/p>\n\n\n\n<figure class=\"wp-block-image size-large td-caption-align-https:\/\/fernwehmotive.de\/wp-content\/uploads\/2020\/01\/troms\u00f6-winter_05.jpg\"><img loading=\"lazy\" decoding=\"async\" width=\"1024\" height=\"683\" data-attachment-id=\"6699\" data-permalink=\"https:\/\/fernwehmotive.de\/en\/winter-in-tromso\/tromsoe-winter_05\/\" data-orig-file=\"https:\/\/fernwehmotive.de\/wp-content\/uploads\/2020\/01\/troms\u00f6-winter_05.jpg\" data-orig-size=\"1200,800\" data-comments-opened=\"1\" data-image-meta=\"{&quot;aperture&quot;:&quot;4&quot;,&quot;credit&quot;:&quot;Dr. Till Pasquay&quot;,&quot;camera&quot;:&quot;Canon EOS 5D Mark III&quot;,&quot;caption&quot;:&quot;&quot;,&quot;created_timestamp&quot;:&quot;1486301379&quot;,&quot;copyright&quot;:&quot;Dr. Till Pasquay&quot;,&quot;focal_length&quot;:&quot;105&quot;,&quot;iso&quot;:&quot;100&quot;,&quot;shutter_speed&quot;:&quot;0.002&quot;,&quot;title&quot;:&quot;&quot;,&quot;orientation&quot;:&quot;0&quot;}\" data-image-title=\"troms\u00f6-winter_05\" data-image-description=\"\" data-image-caption=\"\" data-large-file=\"https:\/\/fernwehmotive.de\/wp-content\/uploads\/2020\/01\/troms\u00f6-winter_05-1024x683.jpg\" src=\"https:\/\/fernwehmotive.de\/wp-content\/uploads\/2020\/01\/troms\u00f6-winter_05-1024x683.jpg\" alt=\"Jockeys beim Rentierwettrennen, Troms\u00f8 im Winter. \" class=\"wp-image-6699\" srcset=\"https:\/\/fernwehmotive.de\/wp-content\/uploads\/2020\/01\/troms\u00f6-winter_05-1024x683.jpg 1024w, https:\/\/fernwehmotive.de\/wp-content\/uploads\/2020\/01\/troms\u00f6-winter_05-300x200.jpg 300w, https:\/\/fernwehmotive.de\/wp-content\/uploads\/2020\/01\/troms\u00f6-winter_05-768x512.jpg 768w, https:\/\/fernwehmotive.de\/wp-content\/uploads\/2020\/01\/troms\u00f6-winter_05-696x464.jpg 696w, https:\/\/fernwehmotive.de\/wp-content\/uploads\/2020\/01\/troms\u00f6-winter_05-1068x712.jpg 1068w, https:\/\/fernwehmotive.de\/wp-content\/uploads\/2020\/01\/troms\u00f6-winter_05.jpg 1200w\" sizes=\"(max-width: 1024px) 100vw, 1024px\" \/><figcaption class=\"wp-element-caption\"> Jockeys at the reindeer race in Troms\u00f8, which takes place every year in winter. Photo: Dr Till Pasquay <\/figcaption><\/figure>\n\n\n\n<p>I had no idea before how fast reindeer can run. They live up to their name. After the start signal they jump out of their pits and it goes in wild speed along the Storgata. They are driven by a slim rider who is pulled behind them on skis. Every year the 12 fastest races from Norway and Finland are at the start. <\/p>\n\n\n\n<figure class=\"wp-block-image size-large td-caption-align-https:\/\/fernwehmotive.de\/wp-content\/uploads\/2020\/01\/troms\u00f6-winter_03.jpg\"><img loading=\"lazy\" decoding=\"async\" width=\"1024\" height=\"683\" data-attachment-id=\"6658\" data-permalink=\"https:\/\/fernwehmotive.de\/en\/tromsoe-winter_03\/\" data-orig-file=\"https:\/\/fernwehmotive.de\/wp-content\/uploads\/2020\/01\/troms\u00f6-winter_03.jpg\" data-orig-size=\"1200,800\" data-comments-opened=\"1\" data-image-meta=\"{&quot;aperture&quot;:&quot;6.3&quot;,&quot;credit&quot;:&quot;mareike schadach&quot;,&quot;camera&quot;:&quot;Canon EOS 5D Mark III&quot;,&quot;caption&quot;:&quot;&quot;,&quot;created_timestamp&quot;:&quot;1486300757&quot;,&quot;copyright&quot;:&quot;mareike schadach&quot;,&quot;focal_length&quot;:&quot;105&quot;,&quot;iso&quot;:&quot;100&quot;,&quot;shutter_speed&quot;:&quot;0.00625&quot;,&quot;title&quot;:&quot;&quot;,&quot;orientation&quot;:&quot;0&quot;}\" data-image-title=\"troms\u00f6-winter_03\" data-image-description=\"\" data-image-caption=\"&lt;p&gt;Rentierwettrennen, Troms\u00f8&lt;\/p&gt;\" data-large-file=\"https:\/\/fernwehmotive.de\/wp-content\/uploads\/2020\/01\/troms\u00f6-winter_03-1024x683.jpg\" src=\"https:\/\/fernwehmotive.de\/wp-content\/uploads\/2020\/01\/troms\u00f6-winter_03-1024x683.jpg\" alt=\"Rentierwettrennen, Winter in Troms\u00f8\" class=\"wp-image-6658\" srcset=\"https:\/\/fernwehmotive.de\/wp-content\/uploads\/2020\/01\/troms\u00f6-winter_03-1024x683.jpg 1024w, https:\/\/fernwehmotive.de\/wp-content\/uploads\/2020\/01\/troms\u00f6-winter_03-300x200.jpg 300w, https:\/\/fernwehmotive.de\/wp-content\/uploads\/2020\/01\/troms\u00f6-winter_03-768x512.jpg 768w, https:\/\/fernwehmotive.de\/wp-content\/uploads\/2020\/01\/troms\u00f6-winter_03-696x464.jpg 696w, https:\/\/fernwehmotive.de\/wp-content\/uploads\/2020\/01\/troms\u00f6-winter_03-1068x712.jpg 1068w, https:\/\/fernwehmotive.de\/wp-content\/uploads\/2020\/01\/troms\u00f6-winter_03.jpg 1200w\" sizes=\"(max-width: 1024px) 100vw, 1024px\" \/><figcaption class=\"wp-element-caption\">The reindeer are faster than I thought.<\/figcaption><\/figure>\n\n\n\n<p>The race is the absolute highlight of the Sami week, which you must not miss. But the other events of the festival are also worthwhile and give you an insight into Sami culture. Sami (outdated Lapp) is the name of the indigenous population of the Arctic area of S\u00e1pmi. In honour of their culture, the Sami Week is celebrated in Troms\u00f8 every year at the beginning of February. <\/p>\n\n\n\n<figure class=\"wp-block-image size-large td-caption-align-https:\/\/fernwehmotive.de\/wp-content\/uploads\/2020\/01\/troms\u00f6-winter_02.jpg\"><img loading=\"lazy\" decoding=\"async\" width=\"1024\" height=\"683\" data-attachment-id=\"6657\" data-permalink=\"https:\/\/fernwehmotive.de\/en\/tromsoe-winter_02\/\" data-orig-file=\"https:\/\/fernwehmotive.de\/wp-content\/uploads\/2020\/01\/troms\u00f6-winter_02.jpg\" data-orig-size=\"1200,800\" data-comments-opened=\"1\" data-image-meta=\"{&quot;aperture&quot;:&quot;6.3&quot;,&quot;credit&quot;:&quot;mareike schadach&quot;,&quot;camera&quot;:&quot;Canon EOS 5D Mark III&quot;,&quot;caption&quot;:&quot;&quot;,&quot;created_timestamp&quot;:&quot;1486300341&quot;,&quot;copyright&quot;:&quot;mareike schadach&quot;,&quot;focal_length&quot;:&quot;105&quot;,&quot;iso&quot;:&quot;125&quot;,&quot;shutter_speed&quot;:&quot;0.01&quot;,&quot;title&quot;:&quot;&quot;,&quot;orientation&quot;:&quot;0&quot;}\" data-image-title=\"troms\u00f6-winter_02\" data-image-description=\"\" data-image-caption=\"&lt;p&gt;Start des Rentierwettrennens, Troms\u00f8&lt;\/p&gt;\" data-large-file=\"https:\/\/fernwehmotive.de\/wp-content\/uploads\/2020\/01\/troms\u00f6-winter_02-1024x683.jpg\" src=\"https:\/\/fernwehmotive.de\/wp-content\/uploads\/2020\/01\/troms\u00f6-winter_02-1024x683.jpg\" alt=\"Start des Rentierwettrennens, Winter Troms\u00f8\" class=\"wp-image-6657\" srcset=\"https:\/\/fernwehmotive.de\/wp-content\/uploads\/2020\/01\/troms\u00f6-winter_02-1024x683.jpg 1024w, https:\/\/fernwehmotive.de\/wp-content\/uploads\/2020\/01\/troms\u00f6-winter_02-300x200.jpg 300w, https:\/\/fernwehmotive.de\/wp-content\/uploads\/2020\/01\/troms\u00f6-winter_02-768x512.jpg 768w, https:\/\/fernwehmotive.de\/wp-content\/uploads\/2020\/01\/troms\u00f6-winter_02-696x464.jpg 696w, https:\/\/fernwehmotive.de\/wp-content\/uploads\/2020\/01\/troms\u00f6-winter_02-1068x712.jpg 1068w, https:\/\/fernwehmotive.de\/wp-content\/uploads\/2020\/01\/troms\u00f6-winter_02.jpg 1200w\" sizes=\"(max-width: 1024px) 100vw, 1024px\" \/><figcaption class=\"wp-element-caption\">Reindeer Race through Troms\u00f8's Pedestrian Zone<\/figcaption><\/figure>\n\n\n\n<p>Throughout the week there is a varied cultural programme, including exhibitions, language courses, concerts and the Norwegian championship in lasso throwing. The Arctic market at the northern end of the Storgata offers traditional handicrafts and Sami food in lavvu (Sami tent). Here you can try bidos (reindeer meat stew) and lefse (soft flatbread made from potatoes) or try the super warm Sami woollen gloves.<\/p>\n\n\n\n<h2 class=\"wp-block-heading\" id=\"schlitten\">Reindeer Sledge Ride under the Northern Lights<\/h2>\n\n\n\n<p>Enthusiastic about the fast reindeer that were racing in the Storgata, I booked a reindeer sleigh ride. At the tourist information at the Roald Amundsen Square there are offers for trips during daylight or in the evening with the chance of seeing northern lights. We started the same evening and after about an hour of driving we reached Camp Tamok.<\/p>\n\n\n\n<p>It was -20\u00b0C. We were a bit away from Troms\u00f8 but I felt as if I had just walked through the gate to the Arctic. It was already dark and the sky was starry. After we were equipped with warm thermo suits and boots, we started. First we had to catch two reindeer. I had quite a lot of respect for the protruding antlers and hoped the animal would know how big it is. Not that it would run around me. But I didn't have to worry, because the animal stopped well-behaved and I was able to attach the rope to the halter. Proudly I led the reindeer to the sleigh. Each animal should pull one of the wooden sledges.<\/p>\n\n\n\n<figure class=\"wp-block-image size-large td-caption-align-https:\/\/fernwehmotive.de\/wp-content\/uploads\/2020\/01\/norwegen-lappland-winter_06.jpg\"><img loading=\"lazy\" decoding=\"async\" width=\"1024\" height=\"683\" data-attachment-id=\"6652\" data-permalink=\"https:\/\/fernwehmotive.de\/en\/norwegen-lappland-winter_06\/\" data-orig-file=\"https:\/\/fernwehmotive.de\/wp-content\/uploads\/2020\/01\/norwegen-lappland-winter_06.jpg\" data-orig-size=\"1200,800\" data-comments-opened=\"1\" data-image-meta=\"{&quot;aperture&quot;:&quot;2.8&quot;,&quot;credit&quot;:&quot;mareike schadach&quot;,&quot;camera&quot;:&quot;Canon EOS 5D Mark III&quot;,&quot;caption&quot;:&quot;&quot;,&quot;created_timestamp&quot;:&quot;1486498515&quot;,&quot;copyright&quot;:&quot;mareike schadach&quot;,&quot;focal_length&quot;:&quot;18&quot;,&quot;iso&quot;:&quot;1600&quot;,&quot;shutter_speed&quot;:&quot;4&quot;,&quot;title&quot;:&quot;&quot;,&quot;orientation&quot;:&quot;0&quot;}\" data-image-title=\"norwegen-lappland-winter_06\" data-image-description=\"\" data-image-caption=\"&lt;p&gt;Rentierschlittenfahrt unter Polarlichtern.&lt;br \/&gt;Foto: Dr. Till Pasquay&lt;\/p&gt;\" data-large-file=\"https:\/\/fernwehmotive.de\/wp-content\/uploads\/2020\/01\/norwegen-lappland-winter_06-1024x683.jpg\" src=\"https:\/\/fernwehmotive.de\/wp-content\/uploads\/2020\/01\/norwegen-lappland-winter_06-1024x683.jpg\" alt=\"Rentierschlittenfahrt unter Polarlichtern nahe bei Troms\u00f6\" class=\"wp-image-6652\" srcset=\"https:\/\/fernwehmotive.de\/wp-content\/uploads\/2020\/01\/norwegen-lappland-winter_06-1024x683.jpg 1024w, https:\/\/fernwehmotive.de\/wp-content\/uploads\/2020\/01\/norwegen-lappland-winter_06-300x200.jpg 300w, https:\/\/fernwehmotive.de\/wp-content\/uploads\/2020\/01\/norwegen-lappland-winter_06-768x512.jpg 768w, https:\/\/fernwehmotive.de\/wp-content\/uploads\/2020\/01\/norwegen-lappland-winter_06-696x464.jpg 696w, https:\/\/fernwehmotive.de\/wp-content\/uploads\/2020\/01\/norwegen-lappland-winter_06-1068x712.jpg 1068w, https:\/\/fernwehmotive.de\/wp-content\/uploads\/2020\/01\/norwegen-lappland-winter_06.jpg 1200w\" sizes=\"(max-width: 1024px) 100vw, 1024px\" \/><figcaption class=\"wp-element-caption\">Kitschy and beautiful reindeer sleigh ride under the northern lights. Photo: Dr Till Pasquay<\/figcaption><\/figure>\n\n\n\n<h4 class=\"wp-block-heading\">The Reindeer Sledge<\/h4>\n\n\n\n<p>The reindeer sleigh is a traditional means of transport for the Sami people. It was important in connection with nomadic reindeer husbandry, where shepherds followed the reindeer on their migrations. While reindeer were once used as draught or pack animals, nowadays tamed reindeer are used in sports or tourism.<\/p>\n\n\n\n<p>Progress has been slow. But it was just the right speed to enjoy everything. Because above us the northern lights were moving in the starry sky. To the left and right of us were small snow-covered trees. The stars reflected in their icy branches and made them sparkle like Christmas trees. And in front of us the reindeer puffed, its breath condensed in the cold, dry air. A kitschy and beautiful experience!<\/p>\n\n\n\n<p>To warm up, we had coffee and stories about life as reindeer herders in the traditional lavvu.<\/p>\n\n\n\n<figure class=\"wp-block-image size-large td-caption-align-https:\/\/fernwehmotive.de\/wp-content\/uploads\/2020\/01\/norwegen-lappland-winter_07.jpg\"><img loading=\"lazy\" decoding=\"async\" width=\"1024\" height=\"683\" data-attachment-id=\"6653\" data-permalink=\"https:\/\/fernwehmotive.de\/en\/norwegen-lappland-winter_07\/\" data-orig-file=\"https:\/\/fernwehmotive.de\/wp-content\/uploads\/2020\/01\/norwegen-lappland-winter_07.jpg\" data-orig-size=\"1200,800\" data-comments-opened=\"1\" data-image-meta=\"{&quot;aperture&quot;:&quot;2.8&quot;,&quot;credit&quot;:&quot;mareike schadach&quot;,&quot;camera&quot;:&quot;Canon EOS 5D Mark III&quot;,&quot;caption&quot;:&quot;&quot;,&quot;created_timestamp&quot;:&quot;1486501720&quot;,&quot;copyright&quot;:&quot;mareike schadach&quot;,&quot;focal_length&quot;:&quot;33&quot;,&quot;iso&quot;:&quot;1600&quot;,&quot;shutter_speed&quot;:&quot;1.3&quot;,&quot;title&quot;:&quot;&quot;,&quot;orientation&quot;:&quot;0&quot;}\" data-image-title=\"norwegen-lappland-winter_07\" data-image-description=\"\" data-image-caption=\"\" data-large-file=\"https:\/\/fernwehmotive.de\/wp-content\/uploads\/2020\/01\/norwegen-lappland-winter_07-1024x683.jpg\" src=\"https:\/\/fernwehmotive.de\/wp-content\/uploads\/2020\/01\/norwegen-lappland-winter_07-1024x683.jpg\" alt=\"Rentierschlittenfahrt unter Polarlichtern nahe bei Troms\u00f6\" class=\"wp-image-6653\" srcset=\"https:\/\/fernwehmotive.de\/wp-content\/uploads\/2020\/01\/norwegen-lappland-winter_07-1024x683.jpg 1024w, https:\/\/fernwehmotive.de\/wp-content\/uploads\/2020\/01\/norwegen-lappland-winter_07-300x200.jpg 300w, https:\/\/fernwehmotive.de\/wp-content\/uploads\/2020\/01\/norwegen-lappland-winter_07-768x512.jpg 768w, https:\/\/fernwehmotive.de\/wp-content\/uploads\/2020\/01\/norwegen-lappland-winter_07-696x464.jpg 696w, https:\/\/fernwehmotive.de\/wp-content\/uploads\/2020\/01\/norwegen-lappland-winter_07-1068x712.jpg 1068w, https:\/\/fernwehmotive.de\/wp-content\/uploads\/2020\/01\/norwegen-lappland-winter_07.jpg 1200w\" sizes=\"(max-width: 1024px) 100vw, 1024px\" \/><\/figure>\n\n\n\n<h4 class=\"wp-block-heading\">Reindeer Breeding<\/h4>\n\n\n\n<p>The beginnings of reindeer husbandry date back to the 15th century. In the 17th century, it became the livelihood of the mountain herders. Today, only a few Sami are still breeding. For economic reasons, however, it was intensified and the herds grew larger and larger. More than 500,000 reindeer live in the whole of S\u00e1pmi.  The number of animals is now so high that their main food, lichen, can hardly grow back. <\/p>\n\n\n\n<p>Mining, wind farms and conflicts with forest owners affect the reindeer economy. Climate change is also affecting the herds, as the animals no longer get enough food. Even under metres of snow the animals can track down lichens and mosses and dig them out with their hooves. However, when the snow becomes warm, too wet and then freezes again, a layer of ice forms which the reindeer cannot break through. <\/p>\n\n\n\n<h2 class=\"wp-block-heading\" id=\"museum\">The \"Gateway to the Arctic\" - Polar History at the Polar Museum <\/h2>\n\n\n\n<p>The Polar Museum was opened in 1978 and is dedicated to hunting, fishing and research in the Arctic. Among other things, it reports on Norwegian polar expeditions and the history of the discovery of the North Pole. The museum building is located in a former customs building from 1833, which was used by customs as a warehouse and administration building until 1970. It is one of a series of pier houses that have been listed as historical monuments since 2000.<\/p>\n\n\n\n<figure class=\"wp-block-image size-large td-caption-align-https:\/\/fernwehmotive.de\/wp-content\/uploads\/2020\/01\/troms\u00f6-polarmuseum.jpg\"><img loading=\"lazy\" decoding=\"async\" width=\"1024\" height=\"683\" data-attachment-id=\"6654\" data-permalink=\"https:\/\/fernwehmotive.de\/en\/tromsoe-polarmuseum\/\" data-orig-file=\"https:\/\/fernwehmotive.de\/wp-content\/uploads\/2020\/01\/troms\u00f6-polarmuseum.jpg\" data-orig-size=\"1200,800\" data-comments-opened=\"1\" data-image-meta=\"{&quot;aperture&quot;:&quot;6.3&quot;,&quot;credit&quot;:&quot;mareike schadach&quot;,&quot;camera&quot;:&quot;Canon EOS 5D Mark III&quot;,&quot;caption&quot;:&quot;&quot;,&quot;created_timestamp&quot;:&quot;1486292956&quot;,&quot;copyright&quot;:&quot;mareike schadach&quot;,&quot;focal_length&quot;:&quot;58&quot;,&quot;iso&quot;:&quot;100&quot;,&quot;shutter_speed&quot;:&quot;0.0125&quot;,&quot;title&quot;:&quot;&quot;,&quot;orientation&quot;:&quot;0&quot;}\" data-image-title=\"troms\u00f6-polarmuseum\" data-image-description=\"\" data-image-caption=\"&lt;p&gt;Polarmuseet Troms\u00f8 &amp;#8211; das Tor zur Arktis&lt;\/p&gt;\" data-large-file=\"https:\/\/fernwehmotive.de\/wp-content\/uploads\/2020\/01\/troms\u00f6-polarmuseum-1024x683.jpg\" src=\"https:\/\/fernwehmotive.de\/wp-content\/uploads\/2020\/01\/troms\u00f6-polarmuseum-1024x683.jpg\" alt=\"Polarmuseet Troms\u00f8 - das Tor zur Arktis\" class=\"wp-image-6654\" srcset=\"https:\/\/fernwehmotive.de\/wp-content\/uploads\/2020\/01\/troms\u00f6-polarmuseum-1024x683.jpg 1024w, https:\/\/fernwehmotive.de\/wp-content\/uploads\/2020\/01\/troms\u00f6-polarmuseum-300x200.jpg 300w, https:\/\/fernwehmotive.de\/wp-content\/uploads\/2020\/01\/troms\u00f6-polarmuseum-768x512.jpg 768w, https:\/\/fernwehmotive.de\/wp-content\/uploads\/2020\/01\/troms\u00f6-polarmuseum-696x464.jpg 696w, https:\/\/fernwehmotive.de\/wp-content\/uploads\/2020\/01\/troms\u00f6-polarmuseum-1068x712.jpg 1068w, https:\/\/fernwehmotive.de\/wp-content\/uploads\/2020\/01\/troms\u00f6-polarmuseum.jpg 1200w\" sizes=\"(max-width: 1024px) 100vw, 1024px\" \/><figcaption class=\"wp-element-caption\">Polarmuseet Troms\u00f8 - the gateway to the Arctic<\/figcaption><\/figure>\n\n\n\n<h4 class=\"wp-block-heading\">The exhibitions cover the following topics:<\/h4>\n\n\n\n<ul class=\"wp-block-list\">\n<li> Hibernation and hunting in the Arctic<\/li>\n\n\n\n<li> Hunter Henry Rudi, who killed 713 polar bears<\/li>\n\n\n\n<li> &#8220;Der&#8221; erste weibliche \u00dcberwinterer &#8211; Wanny Woldstad<\/li>\n\n\n\n<li> Fridtjof Nansens and Roald Amundsen's life and expeditions<\/li>\n\n\n\n<li>Helmer Hansen and Hjalmar Johansen, who accompanied Amundsen to the South Pole<\/li>\n\n\n\n<li>The discovery of Spitsbergen by Willhelm Barentsz in the 16th century, whaling in the 17th and 18th centuries and the Russian way of winter hunting<\/li>\n\n\n\n<li>Changing exhibitions under the roof of the warehouse <\/li>\n<\/ul>\n\n\n\n<p>Thanks to its proximity to the Arctic, Troms\u00f8 has become the starting point for many polar expeditions. At the end of the 19th century, at the time of the great polar expeditions, Troms\u00f8 developed into the \"Gateway to the Arctic\". The Fram Expedition (1893 - 1896) of Fridtjof Nansen as also the expeditions of Roald Amundsen with the ship Maud (1918 - 1921) and with the flying boat Latham 47 (1928) are specially exciting.<\/p>\n\n\n\n<figure class=\"wp-block-image size-large td-caption-align-https:\/\/fernwehmotive.de\/wp-content\/uploads\/2020\/01\/troms\u00f6-polarmuseum-2.jpg\"><img loading=\"lazy\" decoding=\"async\" width=\"1024\" height=\"683\" data-attachment-id=\"6655\" data-permalink=\"https:\/\/fernwehmotive.de\/en\/tromsoe-polarmuseum-2\/\" data-orig-file=\"https:\/\/fernwehmotive.de\/wp-content\/uploads\/2020\/01\/troms\u00f6-polarmuseum-2.jpg\" data-orig-size=\"1152,768\" data-comments-opened=\"1\" data-image-meta=\"{&quot;aperture&quot;:&quot;4&quot;,&quot;credit&quot;:&quot;Dr. Till Pasquay&quot;,&quot;camera&quot;:&quot;Canon EOS 5D Mark III&quot;,&quot;caption&quot;:&quot;&quot;,&quot;created_timestamp&quot;:&quot;1486299167&quot;,&quot;copyright&quot;:&quot;Dr. Till Pasquay&quot;,&quot;focal_length&quot;:&quot;24&quot;,&quot;iso&quot;:&quot;1250&quot;,&quot;shutter_speed&quot;:&quot;0.0333333333333&quot;,&quot;title&quot;:&quot;&quot;,&quot;orientation&quot;:&quot;0&quot;}\" data-image-title=\"troms\u00f6-polarmuseum-2\" data-image-description=\"\" data-image-caption=\"&lt;p&gt;Ausstellungsraum im Polarmuseum Troms\u00f8&lt;\/p&gt;\" data-large-file=\"https:\/\/fernwehmotive.de\/wp-content\/uploads\/2020\/01\/troms\u00f6-polarmuseum-2-1024x683.jpg\" src=\"https:\/\/fernwehmotive.de\/wp-content\/uploads\/2020\/01\/troms\u00f6-polarmuseum-2-1024x683.jpg\" alt=\"Ausstellungsraum im Polarmuseum Troms\u00f8\" class=\"wp-image-6655\" srcset=\"https:\/\/fernwehmotive.de\/wp-content\/uploads\/2020\/01\/troms\u00f6-polarmuseum-2-1024x683.jpg 1024w, https:\/\/fernwehmotive.de\/wp-content\/uploads\/2020\/01\/troms\u00f6-polarmuseum-2-300x200.jpg 300w, https:\/\/fernwehmotive.de\/wp-content\/uploads\/2020\/01\/troms\u00f6-polarmuseum-2-768x512.jpg 768w, https:\/\/fernwehmotive.de\/wp-content\/uploads\/2020\/01\/troms\u00f6-polarmuseum-2-696x464.jpg 696w, https:\/\/fernwehmotive.de\/wp-content\/uploads\/2020\/01\/troms\u00f6-polarmuseum-2-1068x712.jpg 1068w, https:\/\/fernwehmotive.de\/wp-content\/uploads\/2020\/01\/troms\u00f6-polarmuseum-2.jpg 1152w\" sizes=\"(max-width: 1024px) 100vw, 1024px\" \/><figcaption class=\"wp-element-caption\">Exhibition room at the Polar Museum Troms\u00f8<\/figcaption><\/figure>\n\n\n\n<h4 class=\"wp-block-heading\">Fram expedition of Fridtjof Nansen (1893 - 1896) <\/h4>\n\n\n\n<p>The Fram Expedition (1893 - 1896) of Fridtjof Nansen made a stopover in Troms\u00f8. Via Vard\u00f8 the Fram sailed along the Siberian coast to the New Siberian Islands. The aim of the journey was to reach the geographical North Pole by means of natural ice drift. For this purpose, the ice-strengthened ship was frozen in pack ice and drifted for about three years to Spitsbergen. In August 1896, the Fram returned to Troms\u00f8. The ship did not reach the geographic North Pole. But Nansen and Johansen started the attempt to reach the geographic North Pole on foot. But after a march of approximately four weeks, they decided to turn back. They did not reach the geographical North Pole, but they set the North Record of that time. After spending the winter in the Franz-Josef Archipelago, they reached the port of Vard\u00f8 in August 1896 on Frederik Jackson's ship Winward.<\/p>\n\n\n\n<figure class=\"wp-block-image size-large td-caption-align-https:\/\/fernwehmotive.de\/wp-content\/uploads\/2020\/01\/troms\u00f6-polarmuseum3.jpg\"><img loading=\"lazy\" decoding=\"async\" width=\"1024\" height=\"683\" data-attachment-id=\"6656\" data-permalink=\"https:\/\/fernwehmotive.de\/en\/tromsoe-polarmuseum3\/\" data-orig-file=\"https:\/\/fernwehmotive.de\/wp-content\/uploads\/2020\/01\/troms\u00f6-polarmuseum3.jpg\" data-orig-size=\"1200,800\" data-comments-opened=\"1\" data-image-meta=\"{&quot;aperture&quot;:&quot;6.3&quot;,&quot;credit&quot;:&quot;mareike schadach&quot;,&quot;camera&quot;:&quot;Canon EOS 5D Mark III&quot;,&quot;caption&quot;:&quot;&quot;,&quot;created_timestamp&quot;:&quot;1486297575&quot;,&quot;copyright&quot;:&quot;mareike schadach&quot;,&quot;focal_length&quot;:&quot;24&quot;,&quot;iso&quot;:&quot;640&quot;,&quot;shutter_speed&quot;:&quot;0.0333333333333&quot;,&quot;title&quot;:&quot;&quot;,&quot;orientation&quot;:&quot;0&quot;}\" data-image-title=\"troms\u00f6-polarmuseum3\" data-image-description=\"\" data-image-caption=\"&lt;p&gt;Polarmuseum Troms\u00f8&lt;\/p&gt;\" data-large-file=\"https:\/\/fernwehmotive.de\/wp-content\/uploads\/2020\/01\/troms\u00f6-polarmuseum3-1024x683.jpg\" src=\"https:\/\/fernwehmotive.de\/wp-content\/uploads\/2020\/01\/troms\u00f6-polarmuseum3-1024x683.jpg\" alt=\"Polarmuseum Troms\u00f8\" class=\"wp-image-6656\" srcset=\"https:\/\/fernwehmotive.de\/wp-content\/uploads\/2020\/01\/troms\u00f6-polarmuseum3-1024x683.jpg 1024w, https:\/\/fernwehmotive.de\/wp-content\/uploads\/2020\/01\/troms\u00f6-polarmuseum3-300x200.jpg 300w, https:\/\/fernwehmotive.de\/wp-content\/uploads\/2020\/01\/troms\u00f6-polarmuseum3-768x512.jpg 768w, https:\/\/fernwehmotive.de\/wp-content\/uploads\/2020\/01\/troms\u00f6-polarmuseum3-696x464.jpg 696w, https:\/\/fernwehmotive.de\/wp-content\/uploads\/2020\/01\/troms\u00f6-polarmuseum3-1068x712.jpg 1068w, https:\/\/fernwehmotive.de\/wp-content\/uploads\/2020\/01\/troms\u00f6-polarmuseum3.jpg 1200w\" sizes=\"(max-width: 1024px) 100vw, 1024px\" \/><figcaption class=\"wp-element-caption\">A fascinating place: the Polar Museum in Troms\u00f8<\/figcaption><\/figure>\n\n\n\n<h4 class=\"wp-block-heading\">Maud expedition of Roald Amundsen (1918 - 1921) <\/h4>\n\n\n\n<p>On 16 June 1918 the ship Maud left Roald Amundsen in Troms\u00f8 and sailed northeast. The plan was to penetrate the ice in the eastern Arctic and drift with the ice to the North Pole for four or five years. However, the expedition did not go according to plan. After three overwinters in the ice and crossing the Northeast Passage, the Maud reached Seattle in 1921.<\/p>\n\n\n\n<h4 class=\"wp-block-heading\">Rescue Mission of Roald Amundsen with the flying Boat (1928)<\/h4>\n\n\n\n<p>On June 18, 1928, Roald Amundsen set off with the flying boat of type Latham 47 to rescue Umberto Nobile. His airship Italia had previously crashed on an ice floe. Amundsen did not return from his search for Nobile. His flying boat was lost near the Bear Islands, the wreckage has not yet been found.<\/p>\n\n\n\n<hr class=\"wp-block-separator has-alpha-channel-opacity\"\/>\n\n\n\n<h2 class=\"wp-block-heading\" id=\"tipps\">Book recommendations for Norway<\/h2>\n\n\n\n<p>You want to know where the journey goes? Then I can recommend these books*. <\/p>\n\n\n\n<p>You can order the books with a click on the pictures on Amazon. If you buy a product via an affiliate link, I get a small commission, and you help me to keep filling Fernweh-Motive with interesting articles. The product will not be more expensive for you, and you will do me a huge favor.<\/p>\n\n\n\n<div class=\"wp-block-columns is-layout-flex wp-container-core-columns-is-layout-9d6595d7 wp-block-columns-is-layout-flex\">\n<div class=\"wp-block-column is-layout-flow wp-block-column-is-layout-flow\">\n<figure class=\"wp-block-image size-large is-resized\"><a href=\"https:\/\/amzn.to\/47K0yQj\" target=\"_blank\" rel=\"noreferrer noopener\"><img decoding=\"async\" src=\"https:\/\/m.media-amazon.com\/images\/I\/91CfuNIFRgL._SL1500_.jpg\" alt=\"\" style=\"width:279px;height:auto\"\/><\/a><\/figure>\n<\/div>\n\n\n\n<div class=\"wp-block-column is-layout-flow wp-block-column-is-layout-flow\">\n<figure class=\"wp-block-image size-large is-resized\"><a href=\"https:\/\/amzn.to\/47GcbaZ\" target=\"_blank\" rel=\"noreferrer noopener\"><img decoding=\"async\" src=\"https:\/\/m.media-amazon.com\/images\/I\/91gulh3zYFL._SL1500_.jpg\" alt=\"\" style=\"width:301px;height:auto\"\/><\/a><\/figure>\n<\/div>\n\n\n\n<div class=\"wp-block-column is-layout-flow wp-block-column-is-layout-flow\">\n<figure class=\"wp-block-image size-large\"><a href=\"https:\/\/amzn.to\/47JPQcL\" target=\"_blank\" rel=\"noreferrer noopener\"><img decoding=\"async\" src=\"https:\/\/m.media-amazon.com\/images\/I\/7123ShWLZnL._SL1250_.jpg\" alt=\"\"\/><\/a><\/figure>\n<\/div>\n<\/div>\n\n\n\n<hr class=\"wp-block-separator has-css-opacity\"\/>\n\n\n\n<p><strong>Have you ever been to Norway in winter? Maybe even in Troms\u00f8? Do you have any questions about my article? If so, please write me a comment! <\/strong><\/p>\n\n\n\n<p><strong><strong>Do you want to know when there are new articles on my blog?<\/strong><\/strong> <strong><strong>Then follow me on <a rel=\"noreferrer noopener\" href=\"https:\/\/www.facebook.com\/fernwehmotive\/\" target=\"_blank\">Facebook<\/a>, <a rel=\"noreferrer noopener\" href=\"https:\/\/www.pinterest.de\/fernwehmotive\/\" target=\"_blank\">Pinterest <\/a>or <a rel=\"noreferrer noopener\" href=\"https:\/\/www.instagram.com\/fernwehmotive\/?hl=de\" target=\"_blank\">Instagram<\/a>.<\/strong> I would also be very happy if you share my article with your friends.<\/strong><\/p>\n\n\n\n<hr class=\"wp-block-separator has-css-opacity\"\/>\n\n\n\n<h2 class=\"wp-block-heading\">Recommendations for further Reading<\/h2>\n\n\n\n<div class=\"wp-block-columns is-layout-flex wp-container-core-columns-is-layout-9d6595d7 wp-block-columns-is-layout-flex\">\n<div class=\"wp-block-column is-layout-flow wp-block-column-is-layout-flow\">\n<figure class=\"wp-block-image size-large\"><a href=\"https:\/\/fernwehmotive.de\/en\/hundeschlitten-tasiilaq-tiniteqilaaq\/\"><img loading=\"lazy\" decoding=\"async\" width=\"1024\" height=\"670\" data-attachment-id=\"8467\" data-permalink=\"https:\/\/fernwehmotive.de\/en\/groenland-im-winter\/atemberaubende-ausblicke-vom-hundeschlitten\/\" data-orig-file=\"https:\/\/fernwehmotive.de\/wp-content\/uploads\/2020\/05\/groenland-winter_53.jpg\" data-orig-size=\"1200,785\" data-comments-opened=\"1\" data-image-meta=\"{&quot;aperture&quot;:&quot;6.3&quot;,&quot;credit&quot;:&quot;Mareike Schadach&quot;,&quot;camera&quot;:&quot;Canon EOS 5D Mark III&quot;,&quot;caption&quot;:&quot;atemberaubende Ausblicke vom Hundeschlitten&quot;,&quot;created_timestamp&quot;:&quot;1425566305&quot;,&quot;copyright&quot;:&quot;Mareike Schadach&quot;,&quot;focal_length&quot;:&quot;24&quot;,&quot;iso&quot;:&quot;100&quot;,&quot;shutter_speed&quot;:&quot;0.00025&quot;,&quot;title&quot;:&quot;atemberaubende Ausblicke vom Hundeschlitten&quot;,&quot;orientation&quot;:&quot;1&quot;}\" data-image-title=\"atemberaubende Ausblicke vom Hundeschlitten\" data-image-description=\"\" data-image-caption=\"&lt;p&gt;Mit Hundeschlitten von Tasiilaq nach Tiniteqilaaq &amp;#8211; Ostgr\u00f6nland &amp;#8211; Gr\u00f6nland im Winter&lt;\/p&gt;\" data-large-file=\"https:\/\/fernwehmotive.de\/wp-content\/uploads\/2020\/05\/groenland-winter_53-1024x670.jpg\" src=\"https:\/\/fernwehmotive.de\/wp-content\/uploads\/2020\/05\/groenland-winter_53-1024x670.jpg\" alt=\"Mit Hundeschlitten von Tasiilaq nach Tiniteqilaaq - Ostgr\u00f6nland - Gr\u00f6nland im Winter\" class=\"wp-image-8467\" srcset=\"https:\/\/fernwehmotive.de\/wp-content\/uploads\/2020\/05\/groenland-winter_53-1024x670.jpg 1024w, https:\/\/fernwehmotive.de\/wp-content\/uploads\/2020\/05\/groenland-winter_53-300x196.jpg 300w, https:\/\/fernwehmotive.de\/wp-content\/uploads\/2020\/05\/groenland-winter_53-768x502.jpg 768w, https:\/\/fernwehmotive.de\/wp-content\/uploads\/2020\/05\/groenland-winter_53-696x455.jpg 696w, https:\/\/fernwehmotive.de\/wp-content\/uploads\/2020\/05\/groenland-winter_53-1068x699.jpg 1068w, https:\/\/fernwehmotive.de\/wp-content\/uploads\/2020\/05\/groenland-winter_53-741x486.jpg 741w, https:\/\/fernwehmotive.de\/wp-content\/uploads\/2020\/05\/groenland-winter_53.jpg 1200w\" sizes=\"(max-width: 1024px) 100vw, 1024px\" \/><\/a><\/figure>\n\n\n\n<p> <a href=\"https:\/\/fernwehmotive.de\/en\/hundeschlitten-tasiilaq-tiniteqilaaq\/\"><strong>With the dog sled from Tasiilaq to Tiniteqilaaq <\/strong><\/a><\/p>\n<\/div>\n\n\n\n<div class=\"wp-block-column is-layout-flow wp-block-column-is-layout-flow\">\n<figure class=\"wp-block-image size-large\"><a href=\"https:\/\/fernwehmotive.de\/en\/groenland-im-winter\/\"><img loading=\"lazy\" decoding=\"async\" width=\"1024\" height=\"683\" data-attachment-id=\"8487\" data-permalink=\"https:\/\/fernwehmotive.de\/en\/groenland-im-winter\/eisberge-spiegeln-sich-im-wasser\/\" data-orig-file=\"https:\/\/fernwehmotive.de\/wp-content\/uploads\/2015\/03\/groenland-winter_18.jpg\" data-orig-size=\"1200,800\" data-comments-opened=\"1\" data-image-meta=\"{&quot;aperture&quot;:&quot;6.3&quot;,&quot;credit&quot;:&quot;Mareike Schadach&quot;,&quot;camera&quot;:&quot;Canon EOS 5D Mark III&quot;,&quot;caption&quot;:&quot;Eisberge spiegeln sich im Wasser&quot;,&quot;created_timestamp&quot;:&quot;1425408018&quot;,&quot;copyright&quot;:&quot;Mareike Schadach&quot;,&quot;focal_length&quot;:&quot;135&quot;,&quot;iso&quot;:&quot;100&quot;,&quot;shutter_speed&quot;:&quot;0.0025&quot;,&quot;title&quot;:&quot;Eisberge spiegeln sich im Wasser&quot;,&quot;orientation&quot;:&quot;1&quot;}\" data-image-title=\"Gr\u00f6nland im Winter\" data-image-description=\"&lt;p&gt;Gr\u00f6nland im Winter&lt;\/p&gt;\" data-image-caption=\"&lt;p&gt;Gr\u00f6nland im Winter&lt;\/p&gt;\" data-large-file=\"https:\/\/fernwehmotive.de\/wp-content\/uploads\/2015\/03\/groenland-winter_18-1024x683.jpg\" src=\"https:\/\/fernwehmotive.de\/wp-content\/uploads\/2015\/03\/groenland-winter_18-1024x683.jpg\" alt=\"Gr\u00f6nland im Winter\" class=\"wp-image-8487\" srcset=\"https:\/\/fernwehmotive.de\/wp-content\/uploads\/2015\/03\/groenland-winter_18-1024x683.jpg 1024w, https:\/\/fernwehmotive.de\/wp-content\/uploads\/2015\/03\/groenland-winter_18-300x200.jpg 300w, https:\/\/fernwehmotive.de\/wp-content\/uploads\/2015\/03\/groenland-winter_18-768x512.jpg 768w, https:\/\/fernwehmotive.de\/wp-content\/uploads\/2015\/03\/groenland-winter_18-696x464.jpg 696w, https:\/\/fernwehmotive.de\/wp-content\/uploads\/2015\/03\/groenland-winter_18-1068x712.jpg 1068w, https:\/\/fernwehmotive.de\/wp-content\/uploads\/2015\/03\/groenland-winter_18.jpg 1200w\" sizes=\"(max-width: 1024px) 100vw, 1024px\" \/><\/a><\/figure>\n\n\n\n<p><a href=\"https:\/\/fernwehmotive.de\/en\/groenland-im-winter\/\"><strong> Greenland in Winter <\/strong><\/a><\/p>\n<\/div>\n<\/div>","protected":false},"excerpt":{"rendered":"<p>Eine Reise nach Troms\u00f8 &#8211; dem Tor zur Arktis &#8211; ist im Winter ganz besonders. Bootsausfl\u00fcge, Wale, Rentiere, Samische Kultur, Polarlichter und Polarmuseum<\/p>","protected":false},"author":1,"featured_media":6703,"comment_status":"open","ping_status":"open","sticky":false,"template":"","format":"standard","meta":{"jetpack_post_was_ever_published":false,"tdm_status":"","tdm_grid_status":"","_jetpack_newsletter_access":"","_jetpack_dont_email_post_to_subs":false,"_jetpack_newsletter_tier_id":0,"_jetpack_memberships_contains_paywalled_content":false,"_jetpack_memberships_contains_paid_content":false,"footnotes":"","_wp_rev_ctl_limit":"1"},"categories":[112,749,4223],"tags":[5521,5518,1080,105],"class_list":{"0":"post-1420","1":"post","2":"type-post","3":"status-publish","4":"format-standard","5":"has-post-thumbnail","7":"category-europa","8":"category-norwegen","9":"category-stadtentdeckungen","10":"tag-eis-und-schnee","11":"tag-polargebiete","12":"tag-reisen-im-winter","13":"tag-wale"},"yoast_head":"<!-- This site is optimized with the Yoast SEO plugin v27.5 - https:\/\/yoast.com\/product\/yoast-seo-wordpress\/ -->\n<title>Winter in Troms\u00f8 - das Tor zur Arktis | Fernweh-Motive<\/title>\n<meta name=\"description\" content=\"Eine Reise nach Troms\u00f8 - dem Tor zur Arktis - ist im Winter ganz besonders. Bootsausfl\u00fcge, Wale, Rentiere, Samische Kultur, Polarlichter und Polarmuseum\" \/>\n<meta name=\"robots\" content=\"index, follow, max-snippet:-1, max-image-preview:large, max-video-preview:-1\" \/>\n<link rel=\"canonical\" href=\"https:\/\/fernwehmotive.de\/en\/winter-in-tromso\/\" \/>\n<meta property=\"og:locale\" content=\"en_US\" \/>\n<meta property=\"og:type\" content=\"article\" \/>\n<meta property=\"og:title\" content=\"Winter in Troms\u00f8 - das Tor zur Arktis | Fernweh-Motive\" \/>\n<meta property=\"og:description\" content=\"Eine Reise nach Troms\u00f8 - dem Tor zur Arktis - ist im Winter ganz besonders. Bootsausfl\u00fcge, Wale, Rentiere, Samische Kultur, Polarlichter und Polarmuseum\" \/>\n<meta property=\"og:url\" content=\"https:\/\/fernwehmotive.de\/en\/winter-in-tromso\/\" \/>\n<meta property=\"og:site_name\" content=\"Fernweh-Motive\" \/>\n<meta property=\"article:published_time\" content=\"2017-02-18T06:20:22+00:00\" \/>\n<meta property=\"article:modified_time\" content=\"2024-01-22T16:25:08+00:00\" \/>\n<meta property=\"og:image\" content=\"https:\/\/fernwehmotive.de\/wp-content\/uploads\/2017\/02\/troms\u00f6-winter_06.jpg\" \/>\n\t<meta property=\"og:image:width\" content=\"1200\" \/>\n\t<meta property=\"og:image:height\" content=\"800\" \/>\n\t<meta property=\"og:image:type\" content=\"image\/jpeg\" \/>\n<meta name=\"author\" content=\"Mareike Schadach\" \/>\n<meta name=\"twitter:card\" content=\"summary_large_image\" \/>\n<meta name=\"twitter:label1\" content=\"Written by\" \/>\n\t<meta name=\"twitter:data1\" content=\"Mareike Schadach\" \/>\n\t<meta name=\"twitter:label2\" content=\"Est. reading time\" \/>\n\t<meta name=\"twitter:data2\" content=\"16 minutes\" \/>\n<script type=\"application\/ld+json\" class=\"yoast-schema-graph\">{\"@context\":\"https:\\\/\\\/schema.org\",\"@graph\":[{\"@type\":\"Article\",\"@id\":\"https:\\\/\\\/fernwehmotive.de\\\/winter-in-tromso\\\/#article\",\"isPartOf\":{\"@id\":\"https:\\\/\\\/fernwehmotive.de\\\/winter-in-tromso\\\/\"},\"author\":{\"name\":\"Mareike Schadach\",\"@id\":\"https:\\\/\\\/fernwehmotive.de\\\/#\\\/schema\\\/person\\\/68cd356b32dd8b38725e7286bbb30318\"},\"headline\":\"Winter in Troms\u00f8 &#8211; das Tor zur Arktis\",\"datePublished\":\"2017-02-18T06:20:22+00:00\",\"dateModified\":\"2024-01-22T16:25:08+00:00\",\"mainEntityOfPage\":{\"@id\":\"https:\\\/\\\/fernwehmotive.de\\\/winter-in-tromso\\\/\"},\"wordCount\":2116,\"commentCount\":0,\"publisher\":{\"@id\":\"https:\\\/\\\/fernwehmotive.de\\\/#\\\/schema\\\/person\\\/68cd356b32dd8b38725e7286bbb30318\"},\"image\":{\"@id\":\"https:\\\/\\\/fernwehmotive.de\\\/winter-in-tromso\\\/#primaryimage\"},\"thumbnailUrl\":\"https:\\\/\\\/fernwehmotive.de\\\/wp-content\\\/uploads\\\/2017\\\/02\\\/troms\u00f6-winter_06.jpg\",\"keywords\":[\"Eis und Schnee\",\"Polargebiete\",\"Reisen im Winter\",\"Wale\"],\"articleSection\":[\"Europa\",\"Norwegen\",\"St\u00e4dte\"],\"inLanguage\":\"en-US\",\"potentialAction\":[{\"@type\":\"CommentAction\",\"name\":\"Comment\",\"target\":[\"https:\\\/\\\/fernwehmotive.de\\\/winter-in-tromso\\\/#respond\"]}]},{\"@type\":\"WebPage\",\"@id\":\"https:\\\/\\\/fernwehmotive.de\\\/winter-in-tromso\\\/\",\"url\":\"https:\\\/\\\/fernwehmotive.de\\\/winter-in-tromso\\\/\",\"name\":\"Winter in Troms\u00f8 - das Tor zur Arktis | Fernweh-Motive\",\"isPartOf\":{\"@id\":\"https:\\\/\\\/fernwehmotive.de\\\/#website\"},\"primaryImageOfPage\":{\"@id\":\"https:\\\/\\\/fernwehmotive.de\\\/winter-in-tromso\\\/#primaryimage\"},\"image\":{\"@id\":\"https:\\\/\\\/fernwehmotive.de\\\/winter-in-tromso\\\/#primaryimage\"},\"thumbnailUrl\":\"https:\\\/\\\/fernwehmotive.de\\\/wp-content\\\/uploads\\\/2017\\\/02\\\/troms\u00f6-winter_06.jpg\",\"datePublished\":\"2017-02-18T06:20:22+00:00\",\"dateModified\":\"2024-01-22T16:25:08+00:00\",\"description\":\"Eine Reise nach Troms\u00f8 - dem Tor zur Arktis - ist im Winter ganz besonders. Bootsausfl\u00fcge, Wale, Rentiere, Samische Kultur, Polarlichter und Polarmuseum\",\"breadcrumb\":{\"@id\":\"https:\\\/\\\/fernwehmotive.de\\\/winter-in-tromso\\\/#breadcrumb\"},\"inLanguage\":\"en-US\",\"potentialAction\":[{\"@type\":\"ReadAction\",\"target\":[\"https:\\\/\\\/fernwehmotive.de\\\/winter-in-tromso\\\/\"]}]},{\"@type\":\"ImageObject\",\"inLanguage\":\"en-US\",\"@id\":\"https:\\\/\\\/fernwehmotive.de\\\/winter-in-tromso\\\/#primaryimage\",\"url\":\"https:\\\/\\\/fernwehmotive.de\\\/wp-content\\\/uploads\\\/2017\\\/02\\\/troms\u00f6-winter_06.jpg\",\"contentUrl\":\"https:\\\/\\\/fernwehmotive.de\\\/wp-content\\\/uploads\\\/2017\\\/02\\\/troms\u00f6-winter_06.jpg\",\"width\":1200,\"height\":800,\"caption\":\"Winter in Troms\u00f8 - das Tor zur Arktis\"},{\"@type\":\"BreadcrumbList\",\"@id\":\"https:\\\/\\\/fernwehmotive.de\\\/winter-in-tromso\\\/#breadcrumb\",\"itemListElement\":[{\"@type\":\"ListItem\",\"position\":1,\"name\":\"Startseite\",\"item\":\"https:\\\/\\\/fernwehmotive.de\\\/\"},{\"@type\":\"ListItem\",\"position\":2,\"name\":\"Winter in Troms\u00f8 &#8211; das Tor zur Arktis\"}]},{\"@type\":\"WebSite\",\"@id\":\"https:\\\/\\\/fernwehmotive.de\\\/#website\",\"url\":\"https:\\\/\\\/fernwehmotive.de\\\/\",\"name\":\"Fernweh-Motive\",\"description\":\"Unterwegs mit Rucksack und Kamera\",\"publisher\":{\"@id\":\"https:\\\/\\\/fernwehmotive.de\\\/#\\\/schema\\\/person\\\/68cd356b32dd8b38725e7286bbb30318\"},\"potentialAction\":[{\"@type\":\"SearchAction\",\"target\":{\"@type\":\"EntryPoint\",\"urlTemplate\":\"https:\\\/\\\/fernwehmotive.de\\\/?s={search_term_string}\"},\"query-input\":{\"@type\":\"PropertyValueSpecification\",\"valueRequired\":true,\"valueName\":\"search_term_string\"}}],\"inLanguage\":\"en-US\"},{\"@type\":[\"Person\",\"Organization\"],\"@id\":\"https:\\\/\\\/fernwehmotive.de\\\/#\\\/schema\\\/person\\\/68cd356b32dd8b38725e7286bbb30318\",\"name\":\"Mareike Schadach\",\"logo\":{\"@id\":\"https:\\\/\\\/fernwehmotive.de\\\/#\\\/schema\\\/person\\\/image\\\/\"}}]}<\/script>\n<!-- \/ Yoast SEO plugin. -->","yoast_head_json":{"title":"Winter in Troms\u00f8 - das Tor zur Arktis | Fernweh-Motive","description":"A trip to Troms\u00f8 - the gateway to the Arctic - is very special in winter. Boat trips, whales, reindeer, Sami culture, northern lights and polar museum","robots":{"index":"index","follow":"follow","max-snippet":"max-snippet:-1","max-image-preview":"max-image-preview:large","max-video-preview":"max-video-preview:-1"},"canonical":"https:\/\/fernwehmotive.de\/en\/winter-in-tromso\/","og_locale":"en_US","og_type":"article","og_title":"Winter in Troms\u00f8 - das Tor zur Arktis | Fernweh-Motive","og_description":"Eine Reise nach Troms\u00f8 - dem Tor zur Arktis - ist im Winter ganz besonders. Bootsausfl\u00fcge, Wale, Rentiere, Samische Kultur, Polarlichter und Polarmuseum","og_url":"https:\/\/fernwehmotive.de\/en\/winter-in-tromso\/","og_site_name":"Fernweh-Motive","article_published_time":"2017-02-18T06:20:22+00:00","article_modified_time":"2024-01-22T16:25:08+00:00","og_image":[{"width":1200,"height":800,"url":"https:\/\/fernwehmotive.de\/wp-content\/uploads\/2017\/02\/troms\u00f6-winter_06.jpg","type":"image\/jpeg"}],"author":"Mareike Schadach","twitter_card":"summary_large_image","twitter_misc":{"Written by":"Mareike Schadach","Est. reading time":"16 minutes"},"schema":{"@context":"https:\/\/schema.org","@graph":[{"@type":"Article","@id":"https:\/\/fernwehmotive.de\/winter-in-tromso\/#article","isPartOf":{"@id":"https:\/\/fernwehmotive.de\/winter-in-tromso\/"},"author":{"name":"Mareike Schadach","@id":"https:\/\/fernwehmotive.de\/#\/schema\/person\/68cd356b32dd8b38725e7286bbb30318"},"headline":"Winter in Troms\u00f8 &#8211; das Tor zur Arktis","datePublished":"2017-02-18T06:20:22+00:00","dateModified":"2024-01-22T16:25:08+00:00","mainEntityOfPage":{"@id":"https:\/\/fernwehmotive.de\/winter-in-tromso\/"},"wordCount":2116,"commentCount":0,"publisher":{"@id":"https:\/\/fernwehmotive.de\/#\/schema\/person\/68cd356b32dd8b38725e7286bbb30318"},"image":{"@id":"https:\/\/fernwehmotive.de\/winter-in-tromso\/#primaryimage"},"thumbnailUrl":"https:\/\/fernwehmotive.de\/wp-content\/uploads\/2017\/02\/troms\u00f6-winter_06.jpg","keywords":["Eis und Schnee","Polargebiete","Reisen im Winter","Wale"],"articleSection":["Europa","Norwegen","St\u00e4dte"],"inLanguage":"en-US","potentialAction":[{"@type":"CommentAction","name":"Comment","target":["https:\/\/fernwehmotive.de\/winter-in-tromso\/#respond"]}]},{"@type":"WebPage","@id":"https:\/\/fernwehmotive.de\/winter-in-tromso\/","url":"https:\/\/fernwehmotive.de\/winter-in-tromso\/","name":"Winter in Troms\u00f8 - das Tor zur Arktis | Fernweh-Motive","isPartOf":{"@id":"https:\/\/fernwehmotive.de\/#website"},"primaryImageOfPage":{"@id":"https:\/\/fernwehmotive.de\/winter-in-tromso\/#primaryimage"},"image":{"@id":"https:\/\/fernwehmotive.de\/winter-in-tromso\/#primaryimage"},"thumbnailUrl":"https:\/\/fernwehmotive.de\/wp-content\/uploads\/2017\/02\/troms\u00f6-winter_06.jpg","datePublished":"2017-02-18T06:20:22+00:00","dateModified":"2024-01-22T16:25:08+00:00","description":"A trip to Troms\u00f8 - the gateway to the Arctic - is very special in winter. Boat trips, whales, reindeer, Sami culture, northern lights and polar museum","breadcrumb":{"@id":"https:\/\/fernwehmotive.de\/winter-in-tromso\/#breadcrumb"},"inLanguage":"en-US","potentialAction":[{"@type":"ReadAction","target":["https:\/\/fernwehmotive.de\/winter-in-tromso\/"]}]},{"@type":"ImageObject","inLanguage":"en-US","@id":"https:\/\/fernwehmotive.de\/winter-in-tromso\/#primaryimage","url":"https:\/\/fernwehmotive.de\/wp-content\/uploads\/2017\/02\/troms\u00f6-winter_06.jpg","contentUrl":"https:\/\/fernwehmotive.de\/wp-content\/uploads\/2017\/02\/troms\u00f6-winter_06.jpg","width":1200,"height":800,"caption":"Winter in Troms\u00f8 - das Tor zur Arktis"},{"@type":"BreadcrumbList","@id":"https:\/\/fernwehmotive.de\/winter-in-tromso\/#breadcrumb","itemListElement":[{"@type":"ListItem","position":1,"name":"Startseite","item":"https:\/\/fernwehmotive.de\/"},{"@type":"ListItem","position":2,"name":"Winter in Troms\u00f8 &#8211; das Tor zur Arktis"}]},{"@type":"WebSite","@id":"https:\/\/fernwehmotive.de\/#website","url":"https:\/\/fernwehmotive.de\/","name":"Fernweh-Motive","description":"on the Trail with Backpack and Camera","publisher":{"@id":"https:\/\/fernwehmotive.de\/#\/schema\/person\/68cd356b32dd8b38725e7286bbb30318"},"potentialAction":[{"@type":"SearchAction","target":{"@type":"EntryPoint","urlTemplate":"https:\/\/fernwehmotive.de\/?s={search_term_string}"},"query-input":{"@type":"PropertyValueSpecification","valueRequired":true,"valueName":"search_term_string"}}],"inLanguage":"en-US"},{"@type":["Person","Organization"],"@id":"https:\/\/fernwehmotive.de\/#\/schema\/person\/68cd356b32dd8b38725e7286bbb30318","name":"Mareike Schadach","logo":{"@id":"https:\/\/fernwehmotive.de\/#\/schema\/person\/image\/"}}]}},"jetpack_featured_media_url":"https:\/\/fernwehmotive.de\/wp-content\/uploads\/2017\/02\/troms\u00f6-winter_06.jpg","jetpack_sharing_enabled":true,"jetpack_shortlink":"https:\/\/wp.me\/pawkEb-mU","_links":{"self":[{"href":"https:\/\/fernwehmotive.de\/en\/wp-json\/wp\/v2\/posts\/1420","targetHints":{"allow":["GET"]}}],"collection":[{"href":"https:\/\/fernwehmotive.de\/en\/wp-json\/wp\/v2\/posts"}],"about":[{"href":"https:\/\/fernwehmotive.de\/en\/wp-json\/wp\/v2\/types\/post"}],"author":[{"embeddable":true,"href":"https:\/\/fernwehmotive.de\/en\/wp-json\/wp\/v2\/users\/1"}],"replies":[{"embeddable":true,"href":"https:\/\/fernwehmotive.de\/en\/wp-json\/wp\/v2\/comments?post=1420"}],"version-history":[{"count":1,"href":"https:\/\/fernwehmotive.de\/en\/wp-json\/wp\/v2\/posts\/1420\/revisions"}],"predecessor-version":[{"id":15477,"href":"https:\/\/fernwehmotive.de\/en\/wp-json\/wp\/v2\/posts\/1420\/revisions\/15477"}],"wp:featuredmedia":[{"embeddable":true,"href":"https:\/\/fernwehmotive.de\/en\/wp-json\/wp\/v2\/media\/6703"}],"wp:attachment":[{"href":"https:\/\/fernwehmotive.de\/en\/wp-json\/wp\/v2\/media?parent=1420"}],"wp:term":[{"taxonomy":"category","embeddable":true,"href":"https:\/\/fernwehmotive.de\/en\/wp-json\/wp\/v2\/categories?post=1420"},{"taxonomy":"post_tag","embeddable":true,"href":"https:\/\/fernwehmotive.de\/en\/wp-json\/wp\/v2\/tags?post=1420"}],"curies":[{"name":"wp","href":"https:\/\/api.w.org\/{rel}","templated":true}]}}