{"id":1401,"date":"2014-09-01T18:55:41","date_gmt":"2014-09-01T16:55:41","guid":{"rendered":"http:\/\/hallofernweh.de\/?p=1401"},"modified":"2025-09-12T13:54:25","modified_gmt":"2025-09-12T11:54:25","slug":"groenland-inlandeis","status":"publish","type":"post","link":"https:\/\/fernwehmotive.de\/en\/groenland-inlandeis\/","title":{"rendered":"Hiking tour from the Eqi Glacier to the Greenland Ice Sheet on your own"},"content":{"rendered":"<p><strong>Greenland, Eqi glacier and inland ice:<\/strong> As if spellbound, I look over the wide ice surface that rises up in front of us. I think of the many explorers and adventurers who were drawn to the ice sheet. To those who crossed it successfully and also to those who stayed here. A few more steps forward and I stand where great stories have been written. One of them is that of the French expeditions led by Paul-\u00c9mile Victor. Are you also infected by the polar virus and would you like to put your feet on the ice sheet? In my article I'll tell you where and how you can do a hiking tour on your own from the Eqi glacier to the Greenland ice sheet. You'll follow in the footsteps of polar explorer Paul-\u00c9mile Victor and discover a lot on your hike. <\/p>\n\n\n\n<!--more-->\n\n\n\n<p class=\"has-text-align-left has-regular-font-size\">Unassigned, unpaid advertising. The article contains affiliate links.<\/p>\n\n\n\n<hr class=\"wp-block-separator has-css-opacity\"\/>\n\n\n\n<h2 class=\"wp-block-heading\" id=\"victor\">The Polar Explorer Paul-\u00c9mile Victor<\/h2>\n\n\n\n<p>Paul-\u00c9mile Victor (1907-1995) was a famous French polar explorer and founder of the Exp\u00e9ditions Polaires Fran\u00e7aises (1947). After the Second World War, he resumed French polar expeditions. He also involved Germany in active polar research. In 1967, the German Society for Polar Research awarded him its highest award, the Karl Weyprecht Medal. <\/p>\n\n\n\n<p>He organized his first expeditions to Greenland in 1934-1935. In 1936, he crossed the Greenland ice sheet with dog sleds from west to east. He then spent the winter with the Inuit on the east coast in Ammassalik. In 1939 he did ethnological studies in Lapland. During the war years he served first in the French Navy and then in the US Air Force. There he organized rescue operations for missing pilots in the Arctic regions.<\/p>\n\n\n\n<figure class=\"wp-block-image size-large\"><img fetchpriority=\"high\" decoding=\"async\" width=\"1024\" height=\"683\" data-attachment-id=\"4719\" data-permalink=\"https:\/\/fernwehmotive.de\/en\/hiking-tour-eqi-gletscher-inlandeis-groenland_19\/\" data-orig-file=\"https:\/\/fernwehmotive.de\/wp-content\/uploads\/2019\/11\/hiking-tour-eqi-gletscher-inlandeis-groenland_19.jpg\" data-orig-size=\"1200,800\" data-comments-opened=\"1\" data-image-meta=\"{&quot;aperture&quot;:&quot;6.3&quot;,&quot;credit&quot;:&quot;&quot;,&quot;camera&quot;:&quot;Canon EOS 5D Mark III&quot;,&quot;caption&quot;:&quot;&quot;,&quot;created_timestamp&quot;:&quot;1407506031&quot;,&quot;copyright&quot;:&quot;&quot;,&quot;focal_length&quot;:&quot;24&quot;,&quot;iso&quot;:&quot;100&quot;,&quot;shutter_speed&quot;:&quot;0.000625&quot;,&quot;title&quot;:&quot;&quot;,&quot;orientation&quot;:&quot;1&quot;}\" data-image-title=\"hiking-tour-eqi-gletscher-inlandeis-groenland_19\" data-image-description=\"\" data-image-caption=\"&lt;p&gt;Blick auf den Eqi-Gletscher, Gr\u00f6nland.&lt;br \/&gt;Foto: Dr. Till Pasquay&lt;\/p&gt;\" data-large-file=\"https:\/\/fernwehmotive.de\/wp-content\/uploads\/2019\/11\/hiking-tour-eqi-gletscher-inlandeis-groenland_19-1024x683.jpg\" src=\"https:\/\/fernwehmotive.de\/wp-content\/uploads\/2019\/11\/hiking-tour-eqi-gletscher-inlandeis-groenland_19-1024x683.jpg\" alt=\"Eqi-Gletscher Gr\u00f6nland\" class=\"wp-image-4719\" srcset=\"https:\/\/fernwehmotive.de\/wp-content\/uploads\/2019\/11\/hiking-tour-eqi-gletscher-inlandeis-groenland_19-1024x683.jpg 1024w, https:\/\/fernwehmotive.de\/wp-content\/uploads\/2019\/11\/hiking-tour-eqi-gletscher-inlandeis-groenland_19-300x200.jpg 300w, https:\/\/fernwehmotive.de\/wp-content\/uploads\/2019\/11\/hiking-tour-eqi-gletscher-inlandeis-groenland_19-768x512.jpg 768w, https:\/\/fernwehmotive.de\/wp-content\/uploads\/2019\/11\/hiking-tour-eqi-gletscher-inlandeis-groenland_19-696x464.jpg 696w, https:\/\/fernwehmotive.de\/wp-content\/uploads\/2019\/11\/hiking-tour-eqi-gletscher-inlandeis-groenland_19-1068x712.jpg 1068w, https:\/\/fernwehmotive.de\/wp-content\/uploads\/2019\/11\/hiking-tour-eqi-gletscher-inlandeis-groenland_19.jpg 1200w\" sizes=\"(max-width: 1024px) 100vw, 1024px\" \/><figcaption class=\"wp-element-caption\">At the beginning of our hiking tour we have a great view of the Eqi Glacier, Greenland. Photo: Dr. Till Pasquay<\/figcaption><\/figure>\n\n\n\n<p>From the Eqi Glacier (Eqip Sermia) Paul-\u00c9mile Victor led several expeditions on the inland ice between 1948 and 1953. From here the ice sheet is relatively easy to reach. In addition, there is a small natural harbour to land by boat. The way to the ice cap is relatively short and flat. Besides Paul-\u00c9mile Victor, other polar explorers started their expeditions from here and left their tracks, which we now follow.<\/p>\n\n\n\n<hr class=\"wp-block-separator has-css-opacity\"\/>\n\n\n\n<h2 class=\"wp-block-heading\" id=\"expeditionen\">The French Polar Expeditions 1948-1953 <\/h2>\n\n\n\n<p>The French polar expeditions in the years 1948-1953 investigated the geophysical properties of the inland ice. They also carried out seismic measurements to determine the thickness of the ice and investigated the temperatures in the ice cap. The results were to provide information on the influence of the Greenland ice cap on the northern hemisphere.  <\/p>\n\n\n\n<p>The first expedition, in 1948, aimed to build a 10 kilometre long route from the bay to the ice sheet and a 200 metre long cable car. The cable car was to be used to transport equipment from the bottom station up to the edge of the ice cap. A total of 28 scientists and technicians were involved in this expedition.<\/p>\n\n\n\n<figure class=\"wp-block-image size-large\"><img decoding=\"async\" width=\"1024\" height=\"683\" data-attachment-id=\"4727\" data-permalink=\"https:\/\/fernwehmotive.de\/en\/hiking-tour-eqi-gletscher-inlandeis-groenland_20\/\" data-orig-file=\"https:\/\/fernwehmotive.de\/wp-content\/uploads\/2019\/11\/hiking-tour-eqi-gletscher-inlandeis-groenland_20.jpg\" data-orig-size=\"1200,800\" data-comments-opened=\"1\" data-image-meta=\"{&quot;aperture&quot;:&quot;6.3&quot;,&quot;credit&quot;:&quot;&quot;,&quot;camera&quot;:&quot;Canon EOS 5D Mark III&quot;,&quot;caption&quot;:&quot;&quot;,&quot;created_timestamp&quot;:&quot;1407504227&quot;,&quot;copyright&quot;:&quot;&quot;,&quot;focal_length&quot;:&quot;92&quot;,&quot;iso&quot;:&quot;100&quot;,&quot;shutter_speed&quot;:&quot;0.001&quot;,&quot;title&quot;:&quot;&quot;,&quot;orientation&quot;:&quot;1&quot;}\" data-image-title=\"hiking-tour-eqi-gletscher-inlandeis-groenland_20\" data-image-description=\"\" data-image-caption=\"&lt;p&gt;Auf den Spuren von Paul-\u00c9mile Victor zum gr\u00f6nl\u00e4ndischen Inlandeis.   Foto: Dr. Till Pasquay &lt;\/p&gt;\" data-large-file=\"https:\/\/fernwehmotive.de\/wp-content\/uploads\/2019\/11\/hiking-tour-eqi-gletscher-inlandeis-groenland_20-1024x683.jpg\" src=\"https:\/\/fernwehmotive.de\/wp-content\/uploads\/2019\/11\/hiking-tour-eqi-gletscher-inlandeis-groenland_20-1024x683.jpg\" alt=\"Hiking Tour Eqi-Gletscher - auf den Pfaden der Polarforscher\" class=\"wp-image-4727\" srcset=\"https:\/\/fernwehmotive.de\/wp-content\/uploads\/2019\/11\/hiking-tour-eqi-gletscher-inlandeis-groenland_20-1024x683.jpg 1024w, https:\/\/fernwehmotive.de\/wp-content\/uploads\/2019\/11\/hiking-tour-eqi-gletscher-inlandeis-groenland_20-300x200.jpg 300w, https:\/\/fernwehmotive.de\/wp-content\/uploads\/2019\/11\/hiking-tour-eqi-gletscher-inlandeis-groenland_20-768x512.jpg 768w, https:\/\/fernwehmotive.de\/wp-content\/uploads\/2019\/11\/hiking-tour-eqi-gletscher-inlandeis-groenland_20-696x464.jpg 696w, https:\/\/fernwehmotive.de\/wp-content\/uploads\/2019\/11\/hiking-tour-eqi-gletscher-inlandeis-groenland_20-1068x712.jpg 1068w, https:\/\/fernwehmotive.de\/wp-content\/uploads\/2019\/11\/hiking-tour-eqi-gletscher-inlandeis-groenland_20.jpg 1200w\" sizes=\"(max-width: 1024px) 100vw, 1024px\" \/><figcaption class=\"wp-element-caption\">In the footsteps of Paul-\u00c9mile Victor to the Greenland ice sheet. Photo: Dr. Till Pasquay <\/figcaption><\/figure>\n\n\n\n<p>In 1949 a group of 35 men built the winter station \"Station Centrale\" in the middle of the ice cap. Equipment was transported there by airplane. From the \"Station Centrale\" in the years 1950 to 1953 extended expeditions were started on the ice cap in the direction of southeast and northwest.  <\/p>\n\n\n\n<p>The Exp\u00e9ditions Polaires Fran\u00e7aises was the first organisation to introduce new techniques from the Second World War to polar research. Among other things, motorised tracked vehicles, air transport, the use of parachutes and new materials. Nowadays they are widely used on expeditions. Long-distance journeys with tracked vehicles over the inland ice were carried out and fixed stations for observations were set up. This was accompanied by the development of innovative techniques for polar research, for example:<\/p>\n\n\n\n<ul class=\"wp-block-list\">\n<li>the use of tracked vehicles with integrated accommodation for long-distance journeys<\/li>\n\n\n\n<li>the use of lightweight metal carriages for the transport of heavy equipment<\/li>\n\n\n\n<li>air transport and dropping of supplies <\/li>\n\n\n\n<li>Power generation by wind generators under extreme conditions<\/li>\n<\/ul>\n\n\n\n<p>Traces of the expeditions can still be seen on the way to the ice sheet.<\/p>\n\n\n\n<figure class=\"wp-block-image size-large\"><img decoding=\"async\" width=\"1024\" height=\"683\" data-attachment-id=\"4730\" data-permalink=\"https:\/\/fernwehmotive.de\/en\/hiking-tour-eqi-gletscher-inlandeis-groenland_23\/\" data-orig-file=\"https:\/\/fernwehmotive.de\/wp-content\/uploads\/2019\/11\/hiking-tour-eqi-gletscher-inlandeis-groenland_23.jpg\" data-orig-size=\"1200,800\" data-comments-opened=\"1\" data-image-meta=\"{&quot;aperture&quot;:&quot;6.3&quot;,&quot;credit&quot;:&quot;&quot;,&quot;camera&quot;:&quot;Canon EOS 5D Mark III&quot;,&quot;caption&quot;:&quot;&quot;,&quot;created_timestamp&quot;:&quot;1407356710&quot;,&quot;copyright&quot;:&quot;&quot;,&quot;focal_length&quot;:&quot;19&quot;,&quot;iso&quot;:&quot;100&quot;,&quot;shutter_speed&quot;:&quot;0.001&quot;,&quot;title&quot;:&quot;&quot;,&quot;orientation&quot;:&quot;1&quot;}\" data-image-title=\"hiking-tour-eqi-gletscher-inlandeis-groenland_23\" data-image-description=\"\" data-image-caption=\"&lt;p&gt; Spuren der Expeditionen  Foto: Dr. Till Pasquay&lt;\/p&gt;\" data-large-file=\"https:\/\/fernwehmotive.de\/wp-content\/uploads\/2019\/11\/hiking-tour-eqi-gletscher-inlandeis-groenland_23-1024x683.jpg\" src=\"https:\/\/fernwehmotive.de\/wp-content\/uploads\/2019\/11\/hiking-tour-eqi-gletscher-inlandeis-groenland_23-1024x683.jpg\" alt=\"\u00dcber Stock und Stein f\u00fchrt unsere Hiking Tour vom Eqi-Gletscher zum Inlandeis\" class=\"wp-image-4730\" srcset=\"https:\/\/fernwehmotive.de\/wp-content\/uploads\/2019\/11\/hiking-tour-eqi-gletscher-inlandeis-groenland_23-1024x683.jpg 1024w, https:\/\/fernwehmotive.de\/wp-content\/uploads\/2019\/11\/hiking-tour-eqi-gletscher-inlandeis-groenland_23-300x200.jpg 300w, https:\/\/fernwehmotive.de\/wp-content\/uploads\/2019\/11\/hiking-tour-eqi-gletscher-inlandeis-groenland_23-768x512.jpg 768w, https:\/\/fernwehmotive.de\/wp-content\/uploads\/2019\/11\/hiking-tour-eqi-gletscher-inlandeis-groenland_23-696x464.jpg 696w, https:\/\/fernwehmotive.de\/wp-content\/uploads\/2019\/11\/hiking-tour-eqi-gletscher-inlandeis-groenland_23-1068x712.jpg 1068w, https:\/\/fernwehmotive.de\/wp-content\/uploads\/2019\/11\/hiking-tour-eqi-gletscher-inlandeis-groenland_23.jpg 1200w\" sizes=\"(max-width: 1024px) 100vw, 1024px\" \/><figcaption class=\"wp-element-caption\">Our hiking tour leads over hill and dale from the Eqi glacier to the inland ice. Photo: Dr. Till Pasquay<\/figcaption><\/figure>\n\n\n\n<figure class=\"wp-block-image size-large\"><img loading=\"lazy\" decoding=\"async\" width=\"1024\" height=\"683\" data-attachment-id=\"4713\" data-permalink=\"https:\/\/fernwehmotive.de\/en\/hiking-tour-eqi-gletscher-inlandeis-groenland_11\/\" data-orig-file=\"https:\/\/fernwehmotive.de\/wp-content\/uploads\/2019\/11\/hiking-tour-eqi-gletscher-inlandeis-groenland_11.jpg\" data-orig-size=\"1200,800\" data-comments-opened=\"1\" data-image-meta=\"{&quot;aperture&quot;:&quot;6.3&quot;,&quot;credit&quot;:&quot;&quot;,&quot;camera&quot;:&quot;Canon EOS 5D Mark III&quot;,&quot;caption&quot;:&quot;&quot;,&quot;created_timestamp&quot;:&quot;1407430704&quot;,&quot;copyright&quot;:&quot;&quot;,&quot;focal_length&quot;:&quot;32&quot;,&quot;iso&quot;:&quot;100&quot;,&quot;shutter_speed&quot;:&quot;0.0008&quot;,&quot;title&quot;:&quot;&quot;,&quot;orientation&quot;:&quot;1&quot;}\" data-image-title=\"hiking-tour-eqi-gletscher-inlandeis-groenland_11\" data-image-description=\"\" data-image-caption=\"&lt;p&gt;Reste von einem Schlitten&lt;\/p&gt;\" data-large-file=\"https:\/\/fernwehmotive.de\/wp-content\/uploads\/2019\/11\/hiking-tour-eqi-gletscher-inlandeis-groenland_11-1024x683.jpg\" src=\"https:\/\/fernwehmotive.de\/wp-content\/uploads\/2019\/11\/hiking-tour-eqi-gletscher-inlandeis-groenland_11-1024x683.jpg\" alt=\"\" class=\"wp-image-4713\" srcset=\"https:\/\/fernwehmotive.de\/wp-content\/uploads\/2019\/11\/hiking-tour-eqi-gletscher-inlandeis-groenland_11-1024x683.jpg 1024w, https:\/\/fernwehmotive.de\/wp-content\/uploads\/2019\/11\/hiking-tour-eqi-gletscher-inlandeis-groenland_11-300x200.jpg 300w, https:\/\/fernwehmotive.de\/wp-content\/uploads\/2019\/11\/hiking-tour-eqi-gletscher-inlandeis-groenland_11-768x512.jpg 768w, https:\/\/fernwehmotive.de\/wp-content\/uploads\/2019\/11\/hiking-tour-eqi-gletscher-inlandeis-groenland_11-696x464.jpg 696w, https:\/\/fernwehmotive.de\/wp-content\/uploads\/2019\/11\/hiking-tour-eqi-gletscher-inlandeis-groenland_11-1068x712.jpg 1068w, https:\/\/fernwehmotive.de\/wp-content\/uploads\/2019\/11\/hiking-tour-eqi-gletscher-inlandeis-groenland_11.jpg 1200w\" sizes=\"(max-width: 1024px) 100vw, 1024px\" \/><figcaption class=\"wp-element-caption\">Remains of a sleigh<\/figcaption><\/figure>\n\n\n\n<figure class=\"wp-block-image size-large\"><img loading=\"lazy\" decoding=\"async\" width=\"1024\" height=\"683\" data-attachment-id=\"4728\" data-permalink=\"https:\/\/fernwehmotive.de\/en\/hiking-tour-eqi-gletscher-inlandeis-groenland_21\/\" data-orig-file=\"https:\/\/fernwehmotive.de\/wp-content\/uploads\/2019\/11\/hiking-tour-eqi-gletscher-inlandeis-groenland_21.jpg\" data-orig-size=\"1200,800\" data-comments-opened=\"1\" data-image-meta=\"{&quot;aperture&quot;:&quot;10&quot;,&quot;credit&quot;:&quot;&quot;,&quot;camera&quot;:&quot;Canon EOS 5D Mark III&quot;,&quot;caption&quot;:&quot;&quot;,&quot;created_timestamp&quot;:&quot;1407446829&quot;,&quot;copyright&quot;:&quot;&quot;,&quot;focal_length&quot;:&quot;24&quot;,&quot;iso&quot;:&quot;100&quot;,&quot;shutter_speed&quot;:&quot;0.003125&quot;,&quot;title&quot;:&quot;&quot;,&quot;orientation&quot;:&quot;1&quot;}\" data-image-title=\"hiking-tour-eqi-gletscher-inlandeis-groenland_21\" data-image-description=\"\" data-image-caption=\"&lt;p&gt;Schrotthaufen der alten Expeditionen&lt;\/p&gt;\" data-large-file=\"https:\/\/fernwehmotive.de\/wp-content\/uploads\/2019\/11\/hiking-tour-eqi-gletscher-inlandeis-groenland_21-1024x683.jpg\" src=\"https:\/\/fernwehmotive.de\/wp-content\/uploads\/2019\/11\/hiking-tour-eqi-gletscher-inlandeis-groenland_21-1024x683.jpg\" alt=\"\" class=\"wp-image-4728\" srcset=\"https:\/\/fernwehmotive.de\/wp-content\/uploads\/2019\/11\/hiking-tour-eqi-gletscher-inlandeis-groenland_21-1024x683.jpg 1024w, https:\/\/fernwehmotive.de\/wp-content\/uploads\/2019\/11\/hiking-tour-eqi-gletscher-inlandeis-groenland_21-300x200.jpg 300w, https:\/\/fernwehmotive.de\/wp-content\/uploads\/2019\/11\/hiking-tour-eqi-gletscher-inlandeis-groenland_21-768x512.jpg 768w, https:\/\/fernwehmotive.de\/wp-content\/uploads\/2019\/11\/hiking-tour-eqi-gletscher-inlandeis-groenland_21-696x464.jpg 696w, https:\/\/fernwehmotive.de\/wp-content\/uploads\/2019\/11\/hiking-tour-eqi-gletscher-inlandeis-groenland_21-1068x712.jpg 1068w, https:\/\/fernwehmotive.de\/wp-content\/uploads\/2019\/11\/hiking-tour-eqi-gletscher-inlandeis-groenland_21.jpg 1200w\" sizes=\"(max-width: 1024px) 100vw, 1024px\" \/><figcaption class=\"wp-element-caption\">Scrap heaps of old expeditions<\/figcaption><\/figure>\n\n\n\n<figure class=\"wp-block-image size-large\"><img loading=\"lazy\" decoding=\"async\" width=\"1024\" height=\"683\" data-attachment-id=\"4718\" data-permalink=\"https:\/\/fernwehmotive.de\/en\/hiking-tour-eqi-gletscher-inlandeis-groenland_16\/\" data-orig-file=\"https:\/\/fernwehmotive.de\/wp-content\/uploads\/2019\/11\/hiking-tour-eqi-gletscher-inlandeis-groenland_16.jpg\" data-orig-size=\"1200,800\" data-comments-opened=\"1\" data-image-meta=\"{&quot;aperture&quot;:&quot;9&quot;,&quot;credit&quot;:&quot;&quot;,&quot;camera&quot;:&quot;Canon EOS 5D Mark III&quot;,&quot;caption&quot;:&quot;&quot;,&quot;created_timestamp&quot;:&quot;1407447341&quot;,&quot;copyright&quot;:&quot;&quot;,&quot;focal_length&quot;:&quot;28&quot;,&quot;iso&quot;:&quot;100&quot;,&quot;shutter_speed&quot;:&quot;0.00625&quot;,&quot;title&quot;:&quot;&quot;,&quot;orientation&quot;:&quot;1&quot;}\" data-image-title=\"hiking-tour-eqi-gletscher-inlandeis-groenland_16\" data-image-description=\"\" data-image-caption=\"&lt;p&gt;Reste der alten Seilbahn aufs Inlandeis&lt;\/p&gt;\" data-large-file=\"https:\/\/fernwehmotive.de\/wp-content\/uploads\/2019\/11\/hiking-tour-eqi-gletscher-inlandeis-groenland_16-1024x683.jpg\" src=\"https:\/\/fernwehmotive.de\/wp-content\/uploads\/2019\/11\/hiking-tour-eqi-gletscher-inlandeis-groenland_16-1024x683.jpg\" alt=\"\" class=\"wp-image-4718\" srcset=\"https:\/\/fernwehmotive.de\/wp-content\/uploads\/2019\/11\/hiking-tour-eqi-gletscher-inlandeis-groenland_16-1024x683.jpg 1024w, https:\/\/fernwehmotive.de\/wp-content\/uploads\/2019\/11\/hiking-tour-eqi-gletscher-inlandeis-groenland_16-300x200.jpg 300w, https:\/\/fernwehmotive.de\/wp-content\/uploads\/2019\/11\/hiking-tour-eqi-gletscher-inlandeis-groenland_16-768x512.jpg 768w, https:\/\/fernwehmotive.de\/wp-content\/uploads\/2019\/11\/hiking-tour-eqi-gletscher-inlandeis-groenland_16-696x464.jpg 696w, https:\/\/fernwehmotive.de\/wp-content\/uploads\/2019\/11\/hiking-tour-eqi-gletscher-inlandeis-groenland_16-1068x712.jpg 1068w, https:\/\/fernwehmotive.de\/wp-content\/uploads\/2019\/11\/hiking-tour-eqi-gletscher-inlandeis-groenland_16.jpg 1200w\" sizes=\"(max-width: 1024px) 100vw, 1024px\" \/><figcaption class=\"wp-element-caption\">Remains of the old cable car to the ice sheet<\/figcaption><\/figure>\n\n\n\n<hr class=\"wp-block-separator has-css-opacity\"\/>\n\n\n\n<h2 class=\"wp-block-heading\" id=\"miniexpedition\">Our Hiking Tour on the Tracks of Paul-\u00c9mile Victor from the Eqi Glacier to the Ice Sheet<\/h2>\n\n\n\n<h3 class=\"wp-block-heading\" id=\"anfahrt\">Getting there<\/h3>\n\n\n\n<p>Our mini expedition to the Greenlandic inland ice begins in Illulisat with a trip on the excursion boat. It takes us to Glacier Lodge Eqi. This is a small hut settlement built around the old hut of the French polar explorer Paul-\u00c9mile Victor. Already the 5 hour boat trip to the Eqi glacier is a special experience. The route leads along the coast to the north, past Bredebugt, the settlement Oqaatsut and the big fjord system Pakitsoq. We continue through the Ataa road, which is surrounded by steep mountains, bird cliffs and waterfalls. Whales and seals can often be seen on the trips.<\/p>\n\n\n\n<figure class=\"wp-block-image size-large\"><img loading=\"lazy\" decoding=\"async\" width=\"1024\" height=\"683\" data-attachment-id=\"4721\" data-permalink=\"https:\/\/fernwehmotive.de\/en\/schiff-zum-eqi-gletscher\/\" data-orig-file=\"https:\/\/fernwehmotive.de\/wp-content\/uploads\/2019\/11\/schiff-zum-eqi-gletscher.jpg\" data-orig-size=\"1200,800\" data-comments-opened=\"1\" data-image-meta=\"{&quot;aperture&quot;:&quot;6.3&quot;,&quot;credit&quot;:&quot;&quot;,&quot;camera&quot;:&quot;Canon EOS 5D Mark III&quot;,&quot;caption&quot;:&quot;&quot;,&quot;created_timestamp&quot;:&quot;1407344268&quot;,&quot;copyright&quot;:&quot;&quot;,&quot;focal_length&quot;:&quot;105&quot;,&quot;iso&quot;:&quot;100&quot;,&quot;shutter_speed&quot;:&quot;0.0005&quot;,&quot;title&quot;:&quot;&quot;,&quot;orientation&quot;:&quot;1&quot;}\" data-image-title=\"schiff-zum-eqi-gletscher\" data-image-description=\"\" data-image-caption=\"&lt;p&gt;Schiff zum Eqi-Gletscher, Gr\u00f6nland&lt;\/p&gt;\" data-large-file=\"https:\/\/fernwehmotive.de\/wp-content\/uploads\/2019\/11\/schiff-zum-eqi-gletscher-1024x683.jpg\" src=\"https:\/\/fernwehmotive.de\/wp-content\/uploads\/2019\/11\/schiff-zum-eqi-gletscher-1024x683.jpg\" alt=\"Schiff zum Eqi-Gletscher, Gr\u00f6nland\" class=\"wp-image-4721\" srcset=\"https:\/\/fernwehmotive.de\/wp-content\/uploads\/2019\/11\/schiff-zum-eqi-gletscher-1024x683.jpg 1024w, https:\/\/fernwehmotive.de\/wp-content\/uploads\/2019\/11\/schiff-zum-eqi-gletscher-300x200.jpg 300w, https:\/\/fernwehmotive.de\/wp-content\/uploads\/2019\/11\/schiff-zum-eqi-gletscher-768x512.jpg 768w, https:\/\/fernwehmotive.de\/wp-content\/uploads\/2019\/11\/schiff-zum-eqi-gletscher-696x464.jpg 696w, https:\/\/fernwehmotive.de\/wp-content\/uploads\/2019\/11\/schiff-zum-eqi-gletscher-1068x712.jpg 1068w, https:\/\/fernwehmotive.de\/wp-content\/uploads\/2019\/11\/schiff-zum-eqi-gletscher.jpg 1200w\" sizes=\"(max-width: 1024px) 100vw, 1024px\" \/><figcaption class=\"wp-element-caption\">Ship to Eqi Glacier, Greenland<\/figcaption><\/figure>\n\n\n\n<figure class=\"wp-block-image size-large\"><img loading=\"lazy\" decoding=\"async\" width=\"1024\" height=\"683\" data-attachment-id=\"4704\" data-permalink=\"https:\/\/fernwehmotive.de\/en\/diskobucht-groenland_05\/\" data-orig-file=\"https:\/\/fernwehmotive.de\/wp-content\/uploads\/2019\/11\/diskobucht-groenland_05.jpg\" data-orig-size=\"1200,800\" data-comments-opened=\"1\" data-image-meta=\"{&quot;aperture&quot;:&quot;6.3&quot;,&quot;credit&quot;:&quot;&quot;,&quot;camera&quot;:&quot;Canon EOS 40D&quot;,&quot;caption&quot;:&quot;&quot;,&quot;created_timestamp&quot;:&quot;1407322722&quot;,&quot;copyright&quot;:&quot;&quot;,&quot;focal_length&quot;:&quot;100&quot;,&quot;iso&quot;:&quot;100&quot;,&quot;shutter_speed&quot;:&quot;0.0002&quot;,&quot;title&quot;:&quot;&quot;,&quot;orientation&quot;:&quot;1&quot;}\" data-image-title=\"diskobucht-groenland_05\" data-image-description=\"\" data-image-caption=\"&lt;p&gt;Morgennebel in der Diskobucht, Gr\u00f6nland&lt;\/p&gt;\" data-large-file=\"https:\/\/fernwehmotive.de\/wp-content\/uploads\/2019\/11\/diskobucht-groenland_05-1024x683.jpg\" src=\"https:\/\/fernwehmotive.de\/wp-content\/uploads\/2019\/11\/diskobucht-groenland_05-1024x683.jpg\" alt=\"\" class=\"wp-image-4704\" srcset=\"https:\/\/fernwehmotive.de\/wp-content\/uploads\/2019\/11\/diskobucht-groenland_05-1024x683.jpg 1024w, https:\/\/fernwehmotive.de\/wp-content\/uploads\/2019\/11\/diskobucht-groenland_05-300x200.jpg 300w, https:\/\/fernwehmotive.de\/wp-content\/uploads\/2019\/11\/diskobucht-groenland_05-768x512.jpg 768w, https:\/\/fernwehmotive.de\/wp-content\/uploads\/2019\/11\/diskobucht-groenland_05-696x464.jpg 696w, https:\/\/fernwehmotive.de\/wp-content\/uploads\/2019\/11\/diskobucht-groenland_05-1068x712.jpg 1068w, https:\/\/fernwehmotive.de\/wp-content\/uploads\/2019\/11\/diskobucht-groenland_05.jpg 1200w\" sizes=\"(max-width: 1024px) 100vw, 1024px\" \/><figcaption class=\"wp-element-caption\">Morning fog in Disko Bay, Greenland<\/figcaption><\/figure>\n\n\n\n<div style=\"height:32px\" aria-hidden=\"true\" class=\"wp-block-spacer\"><\/div>\n\n\n\n<p class=\"has-text-align-center\" style=\"max-width:694px;margin-bottom:16px\"><strong>Trekking boots, hiking poles, gloves and everything else you might need for your hike in Greenland can be found at Bergzeit.<\/strong><\/p>\n\n\n\n<!-- START ADVERTISER: Bergzeit DE \/ AT from awin.com -->\n\n<a rel=\"sponsored\" href=\"https:\/\/www.awin1.com\/cread.php?s=2721075&amp;v=12557&amp;q=343133&amp;r=667465\">\n    <img decoding=\"async\" src=\"https:\/\/www.awin1.com\/cshow.php?s=2721075&amp;v=12557&amp;q=343133&amp;r=667465\" border=\"0\">\n<\/a>\n\n<!-- END ADVERTISER: Bergzeit DE \/ AT from awin.com -->\n\n\n\n<div style=\"height:30px\" aria-hidden=\"true\" class=\"wp-block-spacer\"><\/div>\n\n\n\n<h3 class=\"wp-block-heading\" id=\"eqi\">Eqi Glacier<\/h3>\n\n\n\n<p>We can already see the Eqi glacier from a distance. The glacier front extends over approx. 3.4 kilometres. The average height is about 200 metres, but only 30 to 80 metres above sea level. <\/p>\n\n\n\n<p>The boat brings us close to the edge of the glacier. Here we can see and above all hear the calving of the glacier from close up for two hours: The air bubbles trapped in the ice are under pressure. As soon as a piece of ice breaks off, the air expands with a loud thunder-like noise. Waves follow the thunder. The larger the piece of ice dropped, the higher the waves. A \"tsunami wave\" was even so high and powerful that it washed away the wooden landing stage at Port Victor. After mooring the boat in Port Victor, we have to hurry. We have to get off the boat quickly and continue straight away to the designated safe area. This is marked with a sign and is about 3 to 4 meters above the waterline. <\/p>\n\n\n\n<figure class=\"wp-block-image size-large\"><img loading=\"lazy\" decoding=\"async\" width=\"1024\" height=\"683\" data-attachment-id=\"4706\" data-permalink=\"https:\/\/fernwehmotive.de\/en\/eqi-gletscher-groenland_20\/\" data-orig-file=\"https:\/\/fernwehmotive.de\/wp-content\/uploads\/2019\/11\/eqi-gletscher-groenland_20.jpg\" data-orig-size=\"1200,800\" data-comments-opened=\"1\" data-image-meta=\"{&quot;aperture&quot;:&quot;9&quot;,&quot;credit&quot;:&quot;&quot;,&quot;camera&quot;:&quot;Canon EOS 5D Mark III&quot;,&quot;caption&quot;:&quot;&quot;,&quot;created_timestamp&quot;:&quot;1407514033&quot;,&quot;copyright&quot;:&quot;&quot;,&quot;focal_length&quot;:&quot;330&quot;,&quot;iso&quot;:&quot;100&quot;,&quot;shutter_speed&quot;:&quot;0.000625&quot;,&quot;title&quot;:&quot;&quot;,&quot;orientation&quot;:&quot;1&quot;}\" data-image-title=\"eqi-gletscher-groenland_20\" data-image-description=\"\" data-image-caption=\"&lt;p&gt;Gr\u00f6\u00dfenvergleich: Schiff vor dem Eqi-Gletscher, Gr\u00f6nland&lt;br \/&gt;Foto: Dr. Till Pasquay&lt;\/p&gt;\" data-large-file=\"https:\/\/fernwehmotive.de\/wp-content\/uploads\/2019\/11\/eqi-gletscher-groenland_20-1024x683.jpg\" src=\"https:\/\/fernwehmotive.de\/wp-content\/uploads\/2019\/11\/eqi-gletscher-groenland_20-1024x683.jpg\" alt=\"Eqi-Gletscher\" class=\"wp-image-4706\" srcset=\"https:\/\/fernwehmotive.de\/wp-content\/uploads\/2019\/11\/eqi-gletscher-groenland_20-1024x683.jpg 1024w, https:\/\/fernwehmotive.de\/wp-content\/uploads\/2019\/11\/eqi-gletscher-groenland_20-300x200.jpg 300w, https:\/\/fernwehmotive.de\/wp-content\/uploads\/2019\/11\/eqi-gletscher-groenland_20-768x512.jpg 768w, https:\/\/fernwehmotive.de\/wp-content\/uploads\/2019\/11\/eqi-gletscher-groenland_20-696x464.jpg 696w, https:\/\/fernwehmotive.de\/wp-content\/uploads\/2019\/11\/eqi-gletscher-groenland_20-1068x712.jpg 1068w, https:\/\/fernwehmotive.de\/wp-content\/uploads\/2019\/11\/eqi-gletscher-groenland_20.jpg 1200w\" sizes=\"(max-width: 1024px) 100vw, 1024px\" \/><figcaption class=\"wp-element-caption\">Size comparison: ship in front of the Eqi glacier, Greenland Photo: Dr. Till Pasquay<\/figcaption><\/figure>\n\n\n\n<figure class=\"wp-block-image size-large\"><img loading=\"lazy\" decoding=\"async\" width=\"1024\" height=\"683\" data-attachment-id=\"4705\" data-permalink=\"https:\/\/fernwehmotive.de\/en\/eqi-gletscher-groenland_06\/\" data-orig-file=\"https:\/\/fernwehmotive.de\/wp-content\/uploads\/2019\/11\/eqi-gletscher-groenland_06.jpg\" data-orig-size=\"1200,800\" data-comments-opened=\"1\" data-image-meta=\"{&quot;aperture&quot;:&quot;6.3&quot;,&quot;credit&quot;:&quot;&quot;,&quot;camera&quot;:&quot;Canon EOS 40D&quot;,&quot;caption&quot;:&quot;&quot;,&quot;created_timestamp&quot;:&quot;1407338237&quot;,&quot;copyright&quot;:&quot;&quot;,&quot;focal_length&quot;:&quot;400&quot;,&quot;iso&quot;:&quot;100&quot;,&quot;shutter_speed&quot;:&quot;0.0003125&quot;,&quot;title&quot;:&quot;&quot;,&quot;orientation&quot;:&quot;1&quot;}\" data-image-title=\"eqi-gletscher-groenland_06\" data-image-description=\"\" data-image-caption=\"&lt;p&gt;Kalbender Eqi-Gletscher, Gr\u00f6nland  &lt;\/p&gt;\" data-large-file=\"https:\/\/fernwehmotive.de\/wp-content\/uploads\/2019\/11\/eqi-gletscher-groenland_06-1024x683.jpg\" src=\"https:\/\/fernwehmotive.de\/wp-content\/uploads\/2019\/11\/eqi-gletscher-groenland_06-1024x683.jpg\" alt=\"Eqi-Gletscher\" class=\"wp-image-4705\" srcset=\"https:\/\/fernwehmotive.de\/wp-content\/uploads\/2019\/11\/eqi-gletscher-groenland_06-1024x683.jpg 1024w, https:\/\/fernwehmotive.de\/wp-content\/uploads\/2019\/11\/eqi-gletscher-groenland_06-300x200.jpg 300w, https:\/\/fernwehmotive.de\/wp-content\/uploads\/2019\/11\/eqi-gletscher-groenland_06-768x512.jpg 768w, https:\/\/fernwehmotive.de\/wp-content\/uploads\/2019\/11\/eqi-gletscher-groenland_06-696x464.jpg 696w, https:\/\/fernwehmotive.de\/wp-content\/uploads\/2019\/11\/eqi-gletscher-groenland_06-1068x712.jpg 1068w, https:\/\/fernwehmotive.de\/wp-content\/uploads\/2019\/11\/eqi-gletscher-groenland_06.jpg 1200w\" sizes=\"(max-width: 1024px) 100vw, 1024px\" \/><figcaption class=\"wp-element-caption\">Calving Eqi Glacier, Greenland  <\/figcaption><\/figure>\n\n\n\n<figure class=\"wp-block-image size-large\"><img loading=\"lazy\" decoding=\"async\" width=\"1024\" height=\"683\" data-attachment-id=\"4702\" data-permalink=\"https:\/\/fernwehmotive.de\/en\/camp-eqi-gletscher-inlandeis-groenland_22\/\" data-orig-file=\"https:\/\/fernwehmotive.de\/wp-content\/uploads\/2019\/11\/camp-eqi-gletscher-inlandeis-groenland_22.jpg\" data-orig-size=\"1200,800\" data-comments-opened=\"1\" data-image-meta=\"{&quot;aperture&quot;:&quot;6.3&quot;,&quot;credit&quot;:&quot;&quot;,&quot;camera&quot;:&quot;Canon EOS 5D Mark III&quot;,&quot;caption&quot;:&quot;&quot;,&quot;created_timestamp&quot;:&quot;1407517815&quot;,&quot;copyright&quot;:&quot;&quot;,&quot;focal_length&quot;:&quot;100&quot;,&quot;iso&quot;:&quot;100&quot;,&quot;shutter_speed&quot;:&quot;0.0025&quot;,&quot;title&quot;:&quot;&quot;,&quot;orientation&quot;:&quot;1&quot;}\" data-image-title=\"camp-eqi-gletscher-inlandeis-groenland_22\" data-image-description=\"\" data-image-caption=\"&lt;p&gt; Glacier Lodge Eqi, vorne rechts die alte Holzh\u00fctte von  Paul-\u00c9mile Victor, Gr\u00f6nland&lt;\/p&gt;\" data-large-file=\"https:\/\/fernwehmotive.de\/wp-content\/uploads\/2019\/11\/camp-eqi-gletscher-inlandeis-groenland_22-1024x683.jpg\" src=\"https:\/\/fernwehmotive.de\/wp-content\/uploads\/2019\/11\/camp-eqi-gletscher-inlandeis-groenland_22-1024x683.jpg\" alt=\"Camp am Eqi-Gletscher\" class=\"wp-image-4702\" srcset=\"https:\/\/fernwehmotive.de\/wp-content\/uploads\/2019\/11\/camp-eqi-gletscher-inlandeis-groenland_22-1024x683.jpg 1024w, https:\/\/fernwehmotive.de\/wp-content\/uploads\/2019\/11\/camp-eqi-gletscher-inlandeis-groenland_22-300x200.jpg 300w, https:\/\/fernwehmotive.de\/wp-content\/uploads\/2019\/11\/camp-eqi-gletscher-inlandeis-groenland_22-768x512.jpg 768w, https:\/\/fernwehmotive.de\/wp-content\/uploads\/2019\/11\/camp-eqi-gletscher-inlandeis-groenland_22-696x464.jpg 696w, https:\/\/fernwehmotive.de\/wp-content\/uploads\/2019\/11\/camp-eqi-gletscher-inlandeis-groenland_22-1068x712.jpg 1068w, https:\/\/fernwehmotive.de\/wp-content\/uploads\/2019\/11\/camp-eqi-gletscher-inlandeis-groenland_22.jpg 1200w\" sizes=\"(max-width: 1024px) 100vw, 1024px\" \/><figcaption class=\"wp-element-caption\"> Glacier Lodge Eqi, in front right the old wooden hut of Paul-\u00c9mile Victor, Greenland<\/figcaption><\/figure>\n\n\n\n<h3 class=\"wp-block-heading\" id=\"weg\">Way to the Ice Sheet<\/h3>\n\n\n\n<p>After a refreshment in the Cafe Victor we set off in the late afternoon towards the inland ice. A hike through breathtaking scenery, over windy mountain ridges, through valleys and past meltwater lakes. On the way we observe several white snow hares, an arctic fox and perfectly camouflaged ptarmigan with chicks. <\/p>\n\n\n\n<div class=\"wp-block-columns is-layout-flex wp-container-core-columns-is-layout-9d6595d7 wp-block-columns-is-layout-flex\">\n<div class=\"wp-block-column is-layout-flow wp-block-column-is-layout-flow\">\n<figure class=\"wp-block-image size-large\"><img loading=\"lazy\" decoding=\"async\" width=\"1024\" height=\"683\" data-attachment-id=\"4720\" data-permalink=\"https:\/\/fernwehmotive.de\/en\/polarfuchs-groenland_21\/\" data-orig-file=\"https:\/\/fernwehmotive.de\/wp-content\/uploads\/2019\/11\/polarfuchs-groenland_21.jpg\" data-orig-size=\"1200,800\" data-comments-opened=\"1\" data-image-meta=\"{&quot;aperture&quot;:&quot;6.3&quot;,&quot;credit&quot;:&quot;&quot;,&quot;camera&quot;:&quot;Canon EOS 5D Mark III&quot;,&quot;caption&quot;:&quot;&quot;,&quot;created_timestamp&quot;:&quot;1407516219&quot;,&quot;copyright&quot;:&quot;&quot;,&quot;focal_length&quot;:&quot;400&quot;,&quot;iso&quot;:&quot;250&quot;,&quot;shutter_speed&quot;:&quot;0.003125&quot;,&quot;title&quot;:&quot;&quot;,&quot;orientation&quot;:&quot;1&quot;}\" data-image-title=\"polarfuchs-groenland_21\" data-image-description=\"\" data-image-caption=\"&lt;p&gt;Polarfuchs&lt;br \/&gt;Foto: Dr. Till Pasquay&lt;\/p&gt;\" data-large-file=\"https:\/\/fernwehmotive.de\/wp-content\/uploads\/2019\/11\/polarfuchs-groenland_21-1024x683.jpg\" src=\"https:\/\/fernwehmotive.de\/wp-content\/uploads\/2019\/11\/polarfuchs-groenland_21-1024x683.jpg\" alt=\"Polarfuchs\" class=\"wp-image-4720\" srcset=\"https:\/\/fernwehmotive.de\/wp-content\/uploads\/2019\/11\/polarfuchs-groenland_21-1024x683.jpg 1024w, https:\/\/fernwehmotive.de\/wp-content\/uploads\/2019\/11\/polarfuchs-groenland_21-300x200.jpg 300w, https:\/\/fernwehmotive.de\/wp-content\/uploads\/2019\/11\/polarfuchs-groenland_21-768x512.jpg 768w, https:\/\/fernwehmotive.de\/wp-content\/uploads\/2019\/11\/polarfuchs-groenland_21-696x464.jpg 696w, https:\/\/fernwehmotive.de\/wp-content\/uploads\/2019\/11\/polarfuchs-groenland_21-1068x712.jpg 1068w, https:\/\/fernwehmotive.de\/wp-content\/uploads\/2019\/11\/polarfuchs-groenland_21.jpg 1200w\" sizes=\"(max-width: 1024px) 100vw, 1024px\" \/><figcaption class=\"wp-element-caption\">Arctic Fox Photo: Dr. Till Pasquay<\/figcaption><\/figure>\n<\/div>\n\n\n\n<div class=\"wp-block-column is-layout-flow wp-block-column-is-layout-flow\">\n<figure class=\"wp-block-image size-large\"><img loading=\"lazy\" decoding=\"async\" width=\"1024\" height=\"683\" data-attachment-id=\"4723\" data-permalink=\"https:\/\/fernwehmotive.de\/en\/schneehase-groenland_08\/\" data-orig-file=\"https:\/\/fernwehmotive.de\/wp-content\/uploads\/2019\/11\/schneehase-groenland_08.jpg\" data-orig-size=\"1200,800\" data-comments-opened=\"1\" data-image-meta=\"{&quot;aperture&quot;:&quot;6.3&quot;,&quot;credit&quot;:&quot;&quot;,&quot;camera&quot;:&quot;Canon EOS 40D&quot;,&quot;caption&quot;:&quot;&quot;,&quot;created_timestamp&quot;:&quot;1407357447&quot;,&quot;copyright&quot;:&quot;&quot;,&quot;focal_length&quot;:&quot;400&quot;,&quot;iso&quot;:&quot;100&quot;,&quot;shutter_speed&quot;:&quot;0.0015625&quot;,&quot;title&quot;:&quot;&quot;,&quot;orientation&quot;:&quot;1&quot;}\" data-image-title=\"schneehase-groenland_08\" data-image-description=\"\" data-image-caption=\"&lt;p&gt;Schneehase&lt;\/p&gt;\" data-large-file=\"https:\/\/fernwehmotive.de\/wp-content\/uploads\/2019\/11\/schneehase-groenland_08-1024x683.jpg\" src=\"https:\/\/fernwehmotive.de\/wp-content\/uploads\/2019\/11\/schneehase-groenland_08-1024x683.jpg\" alt=\"Schneehase\" class=\"wp-image-4723\" srcset=\"https:\/\/fernwehmotive.de\/wp-content\/uploads\/2019\/11\/schneehase-groenland_08-1024x683.jpg 1024w, https:\/\/fernwehmotive.de\/wp-content\/uploads\/2019\/11\/schneehase-groenland_08-300x200.jpg 300w, https:\/\/fernwehmotive.de\/wp-content\/uploads\/2019\/11\/schneehase-groenland_08-768x512.jpg 768w, https:\/\/fernwehmotive.de\/wp-content\/uploads\/2019\/11\/schneehase-groenland_08-696x464.jpg 696w, https:\/\/fernwehmotive.de\/wp-content\/uploads\/2019\/11\/schneehase-groenland_08-1068x712.jpg 1068w, https:\/\/fernwehmotive.de\/wp-content\/uploads\/2019\/11\/schneehase-groenland_08.jpg 1200w\" sizes=\"(max-width: 1024px) 100vw, 1024px\" \/><figcaption class=\"wp-element-caption\">Snow Hare<\/figcaption><\/figure>\n<\/div>\n<\/div>\n\n\n\n<div class=\"wp-block-columns is-layout-flex wp-container-core-columns-is-layout-9d6595d7 wp-block-columns-is-layout-flex\">\n<div class=\"wp-block-column is-layout-flow wp-block-column-is-layout-flow\">\n<figure class=\"wp-block-image size-large\"><img loading=\"lazy\" decoding=\"async\" width=\"1024\" height=\"683\" data-attachment-id=\"4701\" data-permalink=\"https:\/\/fernwehmotive.de\/en\/alpenschneehuhn-groenland_2\/\" data-orig-file=\"https:\/\/fernwehmotive.de\/wp-content\/uploads\/2019\/11\/alpenschneehuhn-groenland_2.jpg\" data-orig-size=\"1200,800\" data-comments-opened=\"1\" data-image-meta=\"{&quot;aperture&quot;:&quot;6.3&quot;,&quot;credit&quot;:&quot;&quot;,&quot;camera&quot;:&quot;Canon EOS 40D&quot;,&quot;caption&quot;:&quot;&quot;,&quot;created_timestamp&quot;:&quot;1407439252&quot;,&quot;copyright&quot;:&quot;&quot;,&quot;focal_length&quot;:&quot;340&quot;,&quot;iso&quot;:&quot;100&quot;,&quot;shutter_speed&quot;:&quot;0.0015625&quot;,&quot;title&quot;:&quot;&quot;,&quot;orientation&quot;:&quot;1&quot;}\" data-image-title=\"alpenschneehuhn-groenland_2\" data-image-description=\"\" data-image-caption=\"&lt;p&gt;Alpenschneehuhn&lt;\/p&gt;\" data-large-file=\"https:\/\/fernwehmotive.de\/wp-content\/uploads\/2019\/11\/alpenschneehuhn-groenland_2-1024x683.jpg\" src=\"https:\/\/fernwehmotive.de\/wp-content\/uploads\/2019\/11\/alpenschneehuhn-groenland_2-1024x683.jpg\" alt=\"\" class=\"wp-image-4701\" srcset=\"https:\/\/fernwehmotive.de\/wp-content\/uploads\/2019\/11\/alpenschneehuhn-groenland_2-1024x683.jpg 1024w, https:\/\/fernwehmotive.de\/wp-content\/uploads\/2019\/11\/alpenschneehuhn-groenland_2-300x200.jpg 300w, https:\/\/fernwehmotive.de\/wp-content\/uploads\/2019\/11\/alpenschneehuhn-groenland_2-768x512.jpg 768w, https:\/\/fernwehmotive.de\/wp-content\/uploads\/2019\/11\/alpenschneehuhn-groenland_2-696x464.jpg 696w, https:\/\/fernwehmotive.de\/wp-content\/uploads\/2019\/11\/alpenschneehuhn-groenland_2-1068x712.jpg 1068w, https:\/\/fernwehmotive.de\/wp-content\/uploads\/2019\/11\/alpenschneehuhn-groenland_2.jpg 1200w\" sizes=\"(max-width: 1024px) 100vw, 1024px\" \/><figcaption class=\"wp-element-caption\">Rock Ptarmigan<\/figcaption><\/figure>\n<\/div>\n\n\n\n<div class=\"wp-block-column is-layout-flow wp-block-column-is-layout-flow\">\n<figure class=\"wp-block-image size-large\"><img loading=\"lazy\" decoding=\"async\" width=\"1024\" height=\"683\" data-attachment-id=\"4700\" data-permalink=\"https:\/\/fernwehmotive.de\/en\/alpenschneehuhn-groenland_1\/\" data-orig-file=\"https:\/\/fernwehmotive.de\/wp-content\/uploads\/2019\/11\/alpenschneehuhn-groenland_1.jpg\" data-orig-size=\"1200,800\" data-comments-opened=\"1\" data-image-meta=\"{&quot;aperture&quot;:&quot;6.3&quot;,&quot;credit&quot;:&quot;&quot;,&quot;camera&quot;:&quot;Canon EOS 40D&quot;,&quot;caption&quot;:&quot;&quot;,&quot;created_timestamp&quot;:&quot;1407428433&quot;,&quot;copyright&quot;:&quot;&quot;,&quot;focal_length&quot;:&quot;400&quot;,&quot;iso&quot;:&quot;100&quot;,&quot;shutter_speed&quot;:&quot;0.004&quot;,&quot;title&quot;:&quot;&quot;,&quot;orientation&quot;:&quot;1&quot;}\" data-image-title=\"alpenschneehuhn-groenland_1\" data-image-description=\"\" data-image-caption=\"&lt;p&gt;K\u00fcken vom Alpenschneehuhn&lt;\/p&gt;\" data-large-file=\"https:\/\/fernwehmotive.de\/wp-content\/uploads\/2019\/11\/alpenschneehuhn-groenland_1-1024x683.jpg\" src=\"https:\/\/fernwehmotive.de\/wp-content\/uploads\/2019\/11\/alpenschneehuhn-groenland_1-1024x683.jpg\" alt=\"K\u00fcken vom Alpenschneehuhn\" class=\"wp-image-4700\" srcset=\"https:\/\/fernwehmotive.de\/wp-content\/uploads\/2019\/11\/alpenschneehuhn-groenland_1-1024x683.jpg 1024w, https:\/\/fernwehmotive.de\/wp-content\/uploads\/2019\/11\/alpenschneehuhn-groenland_1-300x200.jpg 300w, https:\/\/fernwehmotive.de\/wp-content\/uploads\/2019\/11\/alpenschneehuhn-groenland_1-768x512.jpg 768w, https:\/\/fernwehmotive.de\/wp-content\/uploads\/2019\/11\/alpenschneehuhn-groenland_1-696x464.jpg 696w, https:\/\/fernwehmotive.de\/wp-content\/uploads\/2019\/11\/alpenschneehuhn-groenland_1-1068x712.jpg 1068w, https:\/\/fernwehmotive.de\/wp-content\/uploads\/2019\/11\/alpenschneehuhn-groenland_1.jpg 1200w\" sizes=\"(max-width: 1024px) 100vw, 1024px\" \/><figcaption class=\"wp-element-caption\">Chick from the Ptarmigan<\/figcaption><\/figure>\n<\/div>\n<\/div>\n\n\n\n<p>The distance to the ice sheet is about 12 kilometres and 500 metres of altitude difference. The course is not difficult to walk and is easy to see in most places. About half way we find a great camp for the night, where we pitch our tents. Sheltered from the wind behind a rock and directly opposite a clear lake with best water. From here we start our day trip the next day with light luggage on the inland ice. Meanwhile the tents stay on the spot for the next night. <\/p>\n\n\n\n<figure class=\"wp-block-image size-large\"><img loading=\"lazy\" decoding=\"async\" width=\"1024\" height=\"683\" data-attachment-id=\"4709\" data-permalink=\"https:\/\/fernwehmotive.de\/en\/hiking-tour-eqi-gletscher-inlandeis-groenland_04\/\" data-orig-file=\"https:\/\/fernwehmotive.de\/wp-content\/uploads\/2019\/11\/hiking-tour-eqi-gletscher-inlandeis-groenland_04.jpg\" data-orig-size=\"1200,800\" data-comments-opened=\"1\" data-image-meta=\"{&quot;aperture&quot;:&quot;6.3&quot;,&quot;credit&quot;:&quot;&quot;,&quot;camera&quot;:&quot;Canon EOS 5D Mark III&quot;,&quot;caption&quot;:&quot;&quot;,&quot;created_timestamp&quot;:&quot;1407364631&quot;,&quot;copyright&quot;:&quot;&quot;,&quot;focal_length&quot;:&quot;35&quot;,&quot;iso&quot;:&quot;100&quot;,&quot;shutter_speed&quot;:&quot;0.0015625&quot;,&quot;title&quot;:&quot;&quot;,&quot;orientation&quot;:&quot;1&quot;}\" data-image-title=\"hiking-tour-eqi-gletscher-inlandeis-groenland_04\" data-image-description=\"\" data-image-caption=\"&lt;p&gt;Unser Camp f\u00fcr zwei N\u00e4chte&lt;\/p&gt;\" data-large-file=\"https:\/\/fernwehmotive.de\/wp-content\/uploads\/2019\/11\/hiking-tour-eqi-gletscher-inlandeis-groenland_04-1024x683.jpg\" src=\"https:\/\/fernwehmotive.de\/wp-content\/uploads\/2019\/11\/hiking-tour-eqi-gletscher-inlandeis-groenland_04-1024x683.jpg\" alt=\"Camp w\u00e4hrend unserer Hiking Tour vom Eqi-Gletscher zum Inlandeis\" class=\"wp-image-4709\" srcset=\"https:\/\/fernwehmotive.de\/wp-content\/uploads\/2019\/11\/hiking-tour-eqi-gletscher-inlandeis-groenland_04-1024x683.jpg 1024w, https:\/\/fernwehmotive.de\/wp-content\/uploads\/2019\/11\/hiking-tour-eqi-gletscher-inlandeis-groenland_04-300x200.jpg 300w, https:\/\/fernwehmotive.de\/wp-content\/uploads\/2019\/11\/hiking-tour-eqi-gletscher-inlandeis-groenland_04-768x512.jpg 768w, https:\/\/fernwehmotive.de\/wp-content\/uploads\/2019\/11\/hiking-tour-eqi-gletscher-inlandeis-groenland_04-696x464.jpg 696w, https:\/\/fernwehmotive.de\/wp-content\/uploads\/2019\/11\/hiking-tour-eqi-gletscher-inlandeis-groenland_04-1068x712.jpg 1068w, https:\/\/fernwehmotive.de\/wp-content\/uploads\/2019\/11\/hiking-tour-eqi-gletscher-inlandeis-groenland_04.jpg 1200w\" sizes=\"(max-width: 1024px) 100vw, 1024px\" \/><figcaption class=\"wp-element-caption\">Our camp for two nights during our Hiking Tour to the Ice Sheet<\/figcaption><\/figure>\n\n\n\n<p>We follow the tracks of the expedition. After several decades they are still clearly visible. I realize how sensitive Arctic nature is and how much time it takes to regenerate. I try to leave as few new traces as possible and to stay on the already existing paths and paths.<\/p>\n\n\n\n<figure class=\"wp-block-image\"><img loading=\"lazy\" decoding=\"async\" width=\"1024\" height=\"682\" data-attachment-id=\"1714\" data-permalink=\"https:\/\/fernwehmotive.de\/en\/unbenannt\/\" data-orig-file=\"https:\/\/fernwehmotive.de\/wp-content\/uploads\/2019\/05\/Unbenannt.jpg\" data-orig-size=\"1082,721\" data-comments-opened=\"1\" data-image-meta=\"{&quot;aperture&quot;:&quot;0&quot;,&quot;credit&quot;:&quot;Mareike&quot;,&quot;camera&quot;:&quot;&quot;,&quot;caption&quot;:&quot;&quot;,&quot;created_timestamp&quot;:&quot;0&quot;,&quot;copyright&quot;:&quot;&quot;,&quot;focal_length&quot;:&quot;0&quot;,&quot;iso&quot;:&quot;0&quot;,&quot;shutter_speed&quot;:&quot;0&quot;,&quot;title&quot;:&quot;&quot;,&quot;orientation&quot;:&quot;1&quot;}\" data-image-title=\"Unbenannt\" data-image-description=\"\" data-image-caption=\"\" data-large-file=\"https:\/\/fernwehmotive.de\/wp-content\/uploads\/2019\/05\/Unbenannt-1024x682.jpg\" src=\"https:\/\/fernwehmotive.de\/wp-content\/uploads\/2019\/05\/Unbenannt-1024x682.jpg\" alt=\"\" class=\"wp-image-1714\" srcset=\"https:\/\/fernwehmotive.de\/wp-content\/uploads\/2019\/05\/Unbenannt-1024x682.jpg 1024w, https:\/\/fernwehmotive.de\/wp-content\/uploads\/2019\/05\/Unbenannt-300x200.jpg 300w, https:\/\/fernwehmotive.de\/wp-content\/uploads\/2019\/05\/Unbenannt-768x512.jpg 768w, https:\/\/fernwehmotive.de\/wp-content\/uploads\/2019\/05\/Unbenannt.jpg 1082w\" sizes=\"(max-width: 1024px) 100vw, 1024px\" \/><figcaption class=\"wp-element-caption\">In the footsteps of Paul-\u00c9mile Victor:<br>Map of the French Polar Expeditions 1948-1953 and our Hiking Tour from the Eqi Glacier to the Ice Sheet in Greenland  <\/figcaption><\/figure>\n\n\n\n<p>We finally reach a wide valley where the remains of the cable car valley station are located. Around the cable car there are other equipment of the expeditions of that time partly scattered, partly collected on a heap. There are remains of a metal sledge, a radiator and several petrol canisters. Behind the valley, a winding path leads steeply up over a windy mountain pass. Behind it, the glacier moraine begins. The path gets lost between the stones and we look for our own way through the slightly rising scree field. The closer we get to the ice sheet, the more noticeable the ice became. Cold wind blows towards us.<\/p>\n\n\n\n<h3 class=\"wp-block-heading\" id=\"eiskappe\">The Ice Cap<\/h3>\n\n\n\n<p>Behind the glacier moraine there is nothing but ice and snow for the next 1000 kilometres. I feel an awe for nature in me, as I have felt it several times in Greenland. After I have worked through the first overwhelming impression of the expanse, it goes a bit further up to the ice cap. There is a lot to discover here. Various shapes and structures in the ice, holes and cracks, crevices and faults, rivulets and small lakes with melt water. <\/p>\n\n\n\n<figure class=\"wp-block-image size-large\"><img loading=\"lazy\" decoding=\"async\" width=\"1024\" height=\"683\" data-attachment-id=\"4715\" data-permalink=\"https:\/\/fernwehmotive.de\/en\/hiking-tour-eqi-gletscher-inlandeis-groenland_13\/\" data-orig-file=\"https:\/\/fernwehmotive.de\/wp-content\/uploads\/2019\/11\/hiking-tour-eqi-gletscher-inlandeis-groenland_13.jpg\" data-orig-size=\"1200,800\" data-comments-opened=\"1\" data-image-meta=\"{&quot;aperture&quot;:&quot;6.3&quot;,&quot;credit&quot;:&quot;&quot;,&quot;camera&quot;:&quot;Canon EOS 5D Mark III&quot;,&quot;caption&quot;:&quot;&quot;,&quot;created_timestamp&quot;:&quot;1407431249&quot;,&quot;copyright&quot;:&quot;&quot;,&quot;focal_length&quot;:&quot;82&quot;,&quot;iso&quot;:&quot;100&quot;,&quot;shutter_speed&quot;:&quot;0.0008&quot;,&quot;title&quot;:&quot;&quot;,&quot;orientation&quot;:&quot;1&quot;}\" data-image-title=\"hiking-tour-eqi-gletscher-inlandeis-groenland_13\" data-image-description=\"\" data-image-caption=\"&lt;p&gt;Mor\u00e4ne vor dem Inlandeis&lt;br \/&gt; Foto: Dr. Till Pasquay &lt;\/p&gt;\" data-large-file=\"https:\/\/fernwehmotive.de\/wp-content\/uploads\/2019\/11\/hiking-tour-eqi-gletscher-inlandeis-groenland_13-1024x683.jpg\" src=\"https:\/\/fernwehmotive.de\/wp-content\/uploads\/2019\/11\/hiking-tour-eqi-gletscher-inlandeis-groenland_13-1024x683.jpg\" alt=\"Hiking Tour vom Eqi-Gletscher zum Inlandeis, hier die Gletschermor\u00e4ne\" class=\"wp-image-4715\" srcset=\"https:\/\/fernwehmotive.de\/wp-content\/uploads\/2019\/11\/hiking-tour-eqi-gletscher-inlandeis-groenland_13-1024x683.jpg 1024w, https:\/\/fernwehmotive.de\/wp-content\/uploads\/2019\/11\/hiking-tour-eqi-gletscher-inlandeis-groenland_13-300x200.jpg 300w, https:\/\/fernwehmotive.de\/wp-content\/uploads\/2019\/11\/hiking-tour-eqi-gletscher-inlandeis-groenland_13-768x512.jpg 768w, https:\/\/fernwehmotive.de\/wp-content\/uploads\/2019\/11\/hiking-tour-eqi-gletscher-inlandeis-groenland_13-696x464.jpg 696w, https:\/\/fernwehmotive.de\/wp-content\/uploads\/2019\/11\/hiking-tour-eqi-gletscher-inlandeis-groenland_13-1068x712.jpg 1068w, https:\/\/fernwehmotive.de\/wp-content\/uploads\/2019\/11\/hiking-tour-eqi-gletscher-inlandeis-groenland_13.jpg 1200w\" sizes=\"(max-width: 1024px) 100vw, 1024px\" \/><figcaption class=\"wp-element-caption\">Moraine in front of the ice sheet Photo: Dr. Till Pasquay <\/figcaption><\/figure>\n\n\n\n<p>With an area of about 1.8 million square kilometres, the ice sheet is about five times as large as Germany and covers about 82% of Greenland. On average, the ice is about 1500 metres thick. At the highest points the thickness is up to 3000 metres.<\/p>\n\n\n\n<p>The tour to the inland ice on the tracks of the old polar explorers belonged to one of my most impressive experiences in Greenland. If you prefer not to be alone, you can also do this hike as a guided tour with an overnight stay in a tent at Eqi Base Camp. Equipment (tent, sleeping bag, mat) will be provided. You will also have professional guides with satellite phones with you. Bookings can be made via World of Greenland, for example <strong><a rel=\"noreferrer noopener\" aria-label=\"World of Greenland (opens in a new tab)\" href=\"https:\/\/www.worldofgreenland.com\/en\/hiking-tours\/ice24-expedition\" target=\"_blank\">World of Greenland<\/a><\/strong>.<\/p>\n\n\n\n<figure class=\"wp-block-image size-large\"><img loading=\"lazy\" decoding=\"async\" width=\"1024\" height=\"683\" data-attachment-id=\"4729\" data-permalink=\"https:\/\/fernwehmotive.de\/en\/hiking-tour-eqi-gletscher-inlandeis-groenland_22\/\" data-orig-file=\"https:\/\/fernwehmotive.de\/wp-content\/uploads\/2019\/11\/hiking-tour-eqi-gletscher-inlandeis-groenland_22.jpg\" data-orig-size=\"1200,800\" data-comments-opened=\"1\" data-image-meta=\"{&quot;aperture&quot;:&quot;6.3&quot;,&quot;credit&quot;:&quot;&quot;,&quot;camera&quot;:&quot;Canon EOS 5D Mark III&quot;,&quot;caption&quot;:&quot;&quot;,&quot;created_timestamp&quot;:&quot;1407434012&quot;,&quot;copyright&quot;:&quot;&quot;,&quot;focal_length&quot;:&quot;33&quot;,&quot;iso&quot;:&quot;100&quot;,&quot;shutter_speed&quot;:&quot;0.0003125&quot;,&quot;title&quot;:&quot;&quot;,&quot;orientation&quot;:&quot;1&quot;}\" data-image-title=\"hiking-tour-eqi-gletscher-inlandeis-groenland_22\" data-image-description=\"\" data-image-caption=\"&lt;p&gt;Auf dem Inlandeis.&lt;br \/&gt;Foto: Dr. Till Pasquay&lt;\/p&gt;\" data-large-file=\"https:\/\/fernwehmotive.de\/wp-content\/uploads\/2019\/11\/hiking-tour-eqi-gletscher-inlandeis-groenland_22-1024x683.jpg\" src=\"https:\/\/fernwehmotive.de\/wp-content\/uploads\/2019\/11\/hiking-tour-eqi-gletscher-inlandeis-groenland_22-1024x683.jpg\" alt=\"Hiking Tour zum Inlandeis\" class=\"wp-image-4729\" srcset=\"https:\/\/fernwehmotive.de\/wp-content\/uploads\/2019\/11\/hiking-tour-eqi-gletscher-inlandeis-groenland_22-1024x683.jpg 1024w, https:\/\/fernwehmotive.de\/wp-content\/uploads\/2019\/11\/hiking-tour-eqi-gletscher-inlandeis-groenland_22-300x200.jpg 300w, https:\/\/fernwehmotive.de\/wp-content\/uploads\/2019\/11\/hiking-tour-eqi-gletscher-inlandeis-groenland_22-768x512.jpg 768w, https:\/\/fernwehmotive.de\/wp-content\/uploads\/2019\/11\/hiking-tour-eqi-gletscher-inlandeis-groenland_22-696x464.jpg 696w, https:\/\/fernwehmotive.de\/wp-content\/uploads\/2019\/11\/hiking-tour-eqi-gletscher-inlandeis-groenland_22-1068x712.jpg 1068w, https:\/\/fernwehmotive.de\/wp-content\/uploads\/2019\/11\/hiking-tour-eqi-gletscher-inlandeis-groenland_22.jpg 1200w\" sizes=\"(max-width: 1024px) 100vw, 1024px\" \/><figcaption class=\"wp-element-caption\">On the inland ice. Photo: Dr. Till Pasquay<\/figcaption><\/figure>\n\n\n\n<hr class=\"wp-block-separator has-css-opacity\"\/>\n\n\n\n<h2 class=\"wp-block-heading\" id=\"tipps\">Book Recommendations for Greenland<\/h2>\n\n\n\n<p>You want to know where the journey goes? Then I can recommend these books*. <\/p>\n\n\n\n<p>You can order the books with a click on the pictures on Amazon. If you buy a product via an affiliate link, I get a small commission, and you help me to keep filling Fernweh-Motive with interesting articles. The product will not be more expensive for you, and you will do me a huge favor.<\/p>\n\n\n\n<div class=\"wp-block-columns is-layout-flex wp-container-core-columns-is-layout-9d6595d7 wp-block-columns-is-layout-flex\">\n<div class=\"wp-block-column is-layout-flow wp-block-column-is-layout-flow\">\n<figure class=\"wp-block-image size-large is-resized\"><a href=\"https:\/\/amzn.to\/4n6l6eC\" target=\"_blank\" rel=\" noreferrer noopener\"><img decoding=\"async\" src=\"https:\/\/m.media-amazon.com\/images\/I\/81RenNaDBRL._SL1500_.jpg\" alt=\"\" style=\"width:200px;height:auto\"\/><\/a><\/figure>\n<\/div>\n\n\n\n<div class=\"wp-block-column is-layout-flow wp-block-column-is-layout-flow\">\n<figure class=\"wp-block-image size-large is-resized\"><a href=\"https:\/\/amzn.to\/3HT9xrS\" target=\"_blank\" rel=\" noreferrer noopener\"><img decoding=\"async\" src=\"https:\/\/m.media-amazon.com\/images\/I\/61Bk5Jps1WL._SL1500_.jpg\" alt=\"\" style=\"width:188px;height:auto\"\/><\/a><\/figure>\n<\/div>\n\n\n\n<div class=\"wp-block-column is-layout-flow wp-block-column-is-layout-flow\">\n<figure class=\"wp-block-image size-large is-resized\"><a href=\"https:\/\/amzn.to\/4gu94sY\" target=\"_blank\" rel=\" noreferrer noopener\"><img decoding=\"async\" src=\"https:\/\/m.media-amazon.com\/images\/I\/71QGffEuxsL._SL1500_.jpg\" alt=\"\" style=\"width:201px;height:auto\"\/><\/a><\/figure>\n<\/div>\n<\/div>\n\n\n\n<hr class=\"wp-block-separator has-css-opacity\"\/>\n\n\n\n<p><strong>Have you ever been to Greenland? How did you like it? Do you have any questions about my article? If yes, then write me a comment! <\/strong><\/p>\n\n\n\n<p><strong><strong>Do you want to know when there are new articles on my blog?<\/strong><\/strong> <strong><strong>Then follow me on <a rel=\"noreferrer noopener\" href=\"https:\/\/www.facebook.com\/fernwehmotive\/\" target=\"_blank\">Facebook<\/a>, <a rel=\"noreferrer noopener\" href=\"https:\/\/www.pinterest.de\/fernwehmotive\/\" target=\"_blank\">Pinterest <\/a>or <a rel=\"noreferrer noopener\" href=\"https:\/\/www.instagram.com\/fernwehmotive\/?hl=de\" target=\"_blank\">Instagram<\/a>.<\/strong> I would also be very happy if you share my article with your friends.<\/strong><\/p>\n\n\n\n<hr class=\"wp-block-separator has-css-opacity\"\/>\n\n\n\n<h2 class=\"wp-block-heading\">Recommendations for further Reading<\/h2>\n\n\n\n<p>Would you like to hear more stories about Greenland's inland ice cream? Then have a look at my article <a href=\"https:\/\/fernwehmotive.de\/en\/polarliteratur-meine-lieblingsbuecher-zur-arktis-und-antarktis\/\"><strong>polar literature<\/strong><\/a>. Here I have put together my favourite books about the polar and subpolar world for you. Below you will find several book tips on crossing the inland ice.<\/p>\n\n\n\n<p>Want to know more about travelling in Greenland? Then click here for my article about my <strong><a href=\"https:\/\/fernwehmotive.de\/en\/groenland-im-winter\/\">Winter Trip to East Greenland<\/a><\/strong>. Oder lieber gleich zur <a href=\"https:\/\/fernwehmotive.de\/en\/gallerie\/galerie-groenland\/\"><strong>Gallery<\/strong><\/a>?<\/p>\n\n\n\n<div class=\"wp-block-columns is-layout-flex wp-container-core-columns-is-layout-9d6595d7 wp-block-columns-is-layout-flex\">\n<div class=\"wp-block-column is-layout-flow wp-block-column-is-layout-flow\">\n<figure class=\"wp-block-image size-large\"><img loading=\"lazy\" decoding=\"async\" width=\"1024\" height=\"683\" data-attachment-id=\"4703\" data-permalink=\"https:\/\/fernwehmotive.de\/en\/diskobucht-groenland_2\/\" data-orig-file=\"https:\/\/fernwehmotive.de\/wp-content\/uploads\/2019\/11\/diskobucht-groenland_2.jpg\" data-orig-size=\"1200,800\" data-comments-opened=\"1\" data-image-meta=\"{&quot;aperture&quot;:&quot;6.3&quot;,&quot;credit&quot;:&quot;&quot;,&quot;camera&quot;:&quot;Canon EOS 40D&quot;,&quot;caption&quot;:&quot;&quot;,&quot;created_timestamp&quot;:&quot;1407533922&quot;,&quot;copyright&quot;:&quot;&quot;,&quot;focal_length&quot;:&quot;100&quot;,&quot;iso&quot;:&quot;100&quot;,&quot;shutter_speed&quot;:&quot;0.00025&quot;,&quot;title&quot;:&quot;&quot;,&quot;orientation&quot;:&quot;1&quot;}\" data-image-title=\"diskobucht-groenland_2\" data-image-description=\"\" data-image-caption=\"\" data-large-file=\"https:\/\/fernwehmotive.de\/wp-content\/uploads\/2019\/11\/diskobucht-groenland_2-1024x683.jpg\" src=\"https:\/\/fernwehmotive.de\/wp-content\/uploads\/2019\/11\/diskobucht-groenland_2-1024x683.jpg\" alt=\"\" class=\"wp-image-4703\" srcset=\"https:\/\/fernwehmotive.de\/wp-content\/uploads\/2019\/11\/diskobucht-groenland_2-1024x683.jpg 1024w, https:\/\/fernwehmotive.de\/wp-content\/uploads\/2019\/11\/diskobucht-groenland_2-300x200.jpg 300w, https:\/\/fernwehmotive.de\/wp-content\/uploads\/2019\/11\/diskobucht-groenland_2-768x512.jpg 768w, https:\/\/fernwehmotive.de\/wp-content\/uploads\/2019\/11\/diskobucht-groenland_2-696x464.jpg 696w, https:\/\/fernwehmotive.de\/wp-content\/uploads\/2019\/11\/diskobucht-groenland_2-1068x712.jpg 1068w, https:\/\/fernwehmotive.de\/wp-content\/uploads\/2019\/11\/diskobucht-groenland_2.jpg 1200w\" sizes=\"(max-width: 1024px) 100vw, 1024px\" \/><figcaption class=\"wp-element-caption\">polar literature<\/figcaption><\/figure>\n\n\n\n<p><\/p>\n<\/div>\n\n\n\n<div class=\"wp-block-column is-layout-flow wp-block-column-is-layout-flow\">\n<figure class=\"wp-block-image size-large\"><img loading=\"lazy\" decoding=\"async\" width=\"1024\" height=\"683\" data-attachment-id=\"8487\" data-permalink=\"https:\/\/fernwehmotive.de\/en\/groenland-im-winter\/eisberge-spiegeln-sich-im-wasser\/\" data-orig-file=\"https:\/\/fernwehmotive.de\/wp-content\/uploads\/2015\/03\/groenland-winter_18.jpg\" data-orig-size=\"1200,800\" data-comments-opened=\"1\" data-image-meta=\"{&quot;aperture&quot;:&quot;6.3&quot;,&quot;credit&quot;:&quot;Mareike Schadach&quot;,&quot;camera&quot;:&quot;Canon EOS 5D Mark III&quot;,&quot;caption&quot;:&quot;Eisberge spiegeln sich im Wasser&quot;,&quot;created_timestamp&quot;:&quot;1425408018&quot;,&quot;copyright&quot;:&quot;Mareike Schadach&quot;,&quot;focal_length&quot;:&quot;135&quot;,&quot;iso&quot;:&quot;100&quot;,&quot;shutter_speed&quot;:&quot;0.0025&quot;,&quot;title&quot;:&quot;Eisberge spiegeln sich im Wasser&quot;,&quot;orientation&quot;:&quot;1&quot;}\" data-image-title=\"Gr\u00f6nland im Winter\" data-image-description=\"&lt;p&gt;Gr\u00f6nland im Winter&lt;\/p&gt;\" data-image-caption=\"&lt;p&gt;Gr\u00f6nland im Winter&lt;\/p&gt;\" data-large-file=\"https:\/\/fernwehmotive.de\/wp-content\/uploads\/2015\/03\/groenland-winter_18-1024x683.jpg\" src=\"https:\/\/fernwehmotive.de\/wp-content\/uploads\/2015\/03\/groenland-winter_18-1024x683.jpg\" alt=\"Gr\u00f6nland im Winter\" class=\"wp-image-8487\" srcset=\"https:\/\/fernwehmotive.de\/wp-content\/uploads\/2015\/03\/groenland-winter_18-1024x683.jpg 1024w, https:\/\/fernwehmotive.de\/wp-content\/uploads\/2015\/03\/groenland-winter_18-300x200.jpg 300w, https:\/\/fernwehmotive.de\/wp-content\/uploads\/2015\/03\/groenland-winter_18-768x512.jpg 768w, https:\/\/fernwehmotive.de\/wp-content\/uploads\/2015\/03\/groenland-winter_18-696x464.jpg 696w, https:\/\/fernwehmotive.de\/wp-content\/uploads\/2015\/03\/groenland-winter_18-1068x712.jpg 1068w, https:\/\/fernwehmotive.de\/wp-content\/uploads\/2015\/03\/groenland-winter_18.jpg 1200w\" sizes=\"(max-width: 1024px) 100vw, 1024px\" \/><figcaption class=\"wp-element-caption\">Greenland in Winter<\/figcaption><\/figure>\n<\/div>\n<\/div>","protected":false},"excerpt":{"rendered":"<p>Auf den Spuren der Polarforscher &#8211; Hiking Tour vom Eqi-Gletscher zum gr\u00f6nl\u00e4ndischen Inlandeis Infos, Tipps und Route f\u00fcr eine dreit\u00e4gige Trekkingtour.<\/p>","protected":false},"author":1,"featured_media":4710,"comment_status":"open","ping_status":"open","sticky":false,"template":"","format":"standard","meta":{"jetpack_post_was_ever_published":false,"tdm_status":"","tdm_grid_status":"","_jetpack_newsletter_access":"","_jetpack_dont_email_post_to_subs":false,"_jetpack_newsletter_tier_id":0,"_jetpack_memberships_contains_paywalled_content":false,"_jetpack_memberships_contains_paid_content":false,"footnotes":"","_wp_rev_ctl_limit":"1"},"categories":[112,746,4220],"tags":[5509,5518],"class_list":{"0":"post-1401","1":"post","2":"type-post","3":"status-publish","4":"format-standard","5":"has-post-thumbnail","7":"category-europa","8":"category-groenland","9":"category-wandern-und-trekking","10":"tag-history","11":"tag-polargebiete"},"yoast_head":"<!-- This site is optimized with the Yoast SEO plugin v27.5 - https:\/\/yoast.com\/product\/yoast-seo-wordpress\/ -->\n<title>Hiking Tour vom Eqi-Gletscher zum gr\u00f6nl\u00e4ndischen Inlandeis<\/title>\n<meta name=\"description\" content=\"Auf den Spuren der Polarforscher - Hiking Tour vom Eqi-Gletscher zum gr\u00f6nl\u00e4ndischen Inlandeis Infos, Tipps und Route f\u00fcr eine dreit\u00e4gige Trekkingtour.\" \/>\n<meta name=\"robots\" content=\"index, follow, max-snippet:-1, max-image-preview:large, max-video-preview:-1\" \/>\n<link rel=\"canonical\" href=\"https:\/\/fernwehmotive.de\/en\/groenland-inlandeis\/\" \/>\n<meta property=\"og:locale\" content=\"en_US\" \/>\n<meta property=\"og:type\" content=\"article\" \/>\n<meta property=\"og:title\" content=\"Hiking Tour vom Eqi-Gletscher zum gr\u00f6nl\u00e4ndischen Inlandeis\" \/>\n<meta property=\"og:description\" content=\"Auf den Spuren der Polarforscher - Hiking Tour vom Eqi-Gletscher zum gr\u00f6nl\u00e4ndischen Inlandeis Infos, Tipps und Route f\u00fcr eine dreit\u00e4gige Trekkingtour.\" \/>\n<meta property=\"og:url\" content=\"https:\/\/fernwehmotive.de\/en\/groenland-inlandeis\/\" \/>\n<meta property=\"og:site_name\" content=\"Fernweh-Motive\" \/>\n<meta property=\"article:published_time\" content=\"2014-09-01T16:55:41+00:00\" \/>\n<meta property=\"article:modified_time\" content=\"2025-09-12T11:54:25+00:00\" \/>\n<meta property=\"og:image\" content=\"https:\/\/fernwehmotive.de\/wp-content\/uploads\/2019\/11\/hiking-tour-eqi-gletscher-inlandeis-groenland_07.jpg\" \/>\n\t<meta property=\"og:image:width\" content=\"1200\" \/>\n\t<meta property=\"og:image:height\" content=\"800\" \/>\n\t<meta property=\"og:image:type\" content=\"image\/jpeg\" \/>\n<meta name=\"author\" content=\"Mareike Schadach\" \/>\n<meta name=\"twitter:card\" content=\"summary_large_image\" \/>\n<meta name=\"twitter:label1\" content=\"Written by\" \/>\n\t<meta name=\"twitter:data1\" content=\"Mareike Schadach\" \/>\n\t<meta name=\"twitter:label2\" content=\"Est. reading time\" \/>\n\t<meta name=\"twitter:data2\" content=\"15 minutes\" \/>\n<script type=\"application\/ld+json\" class=\"yoast-schema-graph\">{\"@context\":\"https:\\\/\\\/schema.org\",\"@graph\":[{\"@type\":\"Article\",\"@id\":\"https:\\\/\\\/fernwehmotive.de\\\/groenland-inlandeis\\\/#article\",\"isPartOf\":{\"@id\":\"https:\\\/\\\/fernwehmotive.de\\\/groenland-inlandeis\\\/\"},\"author\":{\"name\":\"Mareike Schadach\",\"@id\":\"https:\\\/\\\/fernwehmotive.de\\\/#\\\/schema\\\/person\\\/68cd356b32dd8b38725e7286bbb30318\"},\"headline\":\"Hiking Tour vom Eqi-Gletscher zum gr\u00f6nl\u00e4ndischen Inlandeis auf eigene Faust\",\"datePublished\":\"2014-09-01T16:55:41+00:00\",\"dateModified\":\"2025-09-12T11:54:25+00:00\",\"mainEntityOfPage\":{\"@id\":\"https:\\\/\\\/fernwehmotive.de\\\/groenland-inlandeis\\\/\"},\"wordCount\":1912,\"commentCount\":3,\"publisher\":{\"@id\":\"https:\\\/\\\/fernwehmotive.de\\\/#\\\/schema\\\/person\\\/68cd356b32dd8b38725e7286bbb30318\"},\"image\":{\"@id\":\"https:\\\/\\\/fernwehmotive.de\\\/groenland-inlandeis\\\/#primaryimage\"},\"thumbnailUrl\":\"https:\\\/\\\/fernwehmotive.de\\\/wp-content\\\/uploads\\\/2019\\\/11\\\/hiking-tour-eqi-gletscher-inlandeis-groenland_07.jpg\",\"keywords\":[\"History\",\"Polargebiete\"],\"articleSection\":[\"Europa\",\"Gr\u00f6nland\",\"Wandern\"],\"inLanguage\":\"en-US\",\"potentialAction\":[{\"@type\":\"CommentAction\",\"name\":\"Comment\",\"target\":[\"https:\\\/\\\/fernwehmotive.de\\\/groenland-inlandeis\\\/#respond\"]}]},{\"@type\":\"WebPage\",\"@id\":\"https:\\\/\\\/fernwehmotive.de\\\/groenland-inlandeis\\\/\",\"url\":\"https:\\\/\\\/fernwehmotive.de\\\/groenland-inlandeis\\\/\",\"name\":\"Hiking Tour vom Eqi-Gletscher zum gr\u00f6nl\u00e4ndischen Inlandeis\",\"isPartOf\":{\"@id\":\"https:\\\/\\\/fernwehmotive.de\\\/#website\"},\"primaryImageOfPage\":{\"@id\":\"https:\\\/\\\/fernwehmotive.de\\\/groenland-inlandeis\\\/#primaryimage\"},\"image\":{\"@id\":\"https:\\\/\\\/fernwehmotive.de\\\/groenland-inlandeis\\\/#primaryimage\"},\"thumbnailUrl\":\"https:\\\/\\\/fernwehmotive.de\\\/wp-content\\\/uploads\\\/2019\\\/11\\\/hiking-tour-eqi-gletscher-inlandeis-groenland_07.jpg\",\"datePublished\":\"2014-09-01T16:55:41+00:00\",\"dateModified\":\"2025-09-12T11:54:25+00:00\",\"description\":\"Auf den Spuren der Polarforscher - Hiking Tour vom Eqi-Gletscher zum gr\u00f6nl\u00e4ndischen Inlandeis Infos, Tipps und Route f\u00fcr eine dreit\u00e4gige Trekkingtour.\",\"breadcrumb\":{\"@id\":\"https:\\\/\\\/fernwehmotive.de\\\/groenland-inlandeis\\\/#breadcrumb\"},\"inLanguage\":\"en-US\",\"potentialAction\":[{\"@type\":\"ReadAction\",\"target\":[\"https:\\\/\\\/fernwehmotive.de\\\/groenland-inlandeis\\\/\"]}]},{\"@type\":\"ImageObject\",\"inLanguage\":\"en-US\",\"@id\":\"https:\\\/\\\/fernwehmotive.de\\\/groenland-inlandeis\\\/#primaryimage\",\"url\":\"https:\\\/\\\/fernwehmotive.de\\\/wp-content\\\/uploads\\\/2019\\\/11\\\/hiking-tour-eqi-gletscher-inlandeis-groenland_07.jpg\",\"contentUrl\":\"https:\\\/\\\/fernwehmotive.de\\\/wp-content\\\/uploads\\\/2019\\\/11\\\/hiking-tour-eqi-gletscher-inlandeis-groenland_07.jpg\",\"width\":1200,\"height\":800,\"caption\":\"Hiking Tour vom Eqi-Gletscher zum gr\u00f6nl\u00e4ndischen Inlandeis auf eigene Faust\"},{\"@type\":\"BreadcrumbList\",\"@id\":\"https:\\\/\\\/fernwehmotive.de\\\/groenland-inlandeis\\\/#breadcrumb\",\"itemListElement\":[{\"@type\":\"ListItem\",\"position\":1,\"name\":\"Startseite\",\"item\":\"https:\\\/\\\/fernwehmotive.de\\\/\"},{\"@type\":\"ListItem\",\"position\":2,\"name\":\"Hiking Tour vom Eqi-Gletscher zum gr\u00f6nl\u00e4ndischen Inlandeis auf eigene Faust\"}]},{\"@type\":\"WebSite\",\"@id\":\"https:\\\/\\\/fernwehmotive.de\\\/#website\",\"url\":\"https:\\\/\\\/fernwehmotive.de\\\/\",\"name\":\"Fernweh-Motive\",\"description\":\"Unterwegs mit Rucksack und Kamera\",\"publisher\":{\"@id\":\"https:\\\/\\\/fernwehmotive.de\\\/#\\\/schema\\\/person\\\/68cd356b32dd8b38725e7286bbb30318\"},\"potentialAction\":[{\"@type\":\"SearchAction\",\"target\":{\"@type\":\"EntryPoint\",\"urlTemplate\":\"https:\\\/\\\/fernwehmotive.de\\\/?s={search_term_string}\"},\"query-input\":{\"@type\":\"PropertyValueSpecification\",\"valueRequired\":true,\"valueName\":\"search_term_string\"}}],\"inLanguage\":\"en-US\"},{\"@type\":[\"Person\",\"Organization\"],\"@id\":\"https:\\\/\\\/fernwehmotive.de\\\/#\\\/schema\\\/person\\\/68cd356b32dd8b38725e7286bbb30318\",\"name\":\"Mareike Schadach\",\"logo\":{\"@id\":\"https:\\\/\\\/fernwehmotive.de\\\/#\\\/schema\\\/person\\\/image\\\/\"}}]}<\/script>\n<!-- \/ Yoast SEO plugin. -->","yoast_head_json":{"title":"Hiking Tour vom Eqi-Gletscher zum gr\u00f6nl\u00e4ndischen Inlandeis","description":"In the footsteps of polar explorers - Hiking Tour from the Eqi Glacier to the Greenland Ice Sheet Info, tips and route for a three-day trekking tour.","robots":{"index":"index","follow":"follow","max-snippet":"max-snippet:-1","max-image-preview":"max-image-preview:large","max-video-preview":"max-video-preview:-1"},"canonical":"https:\/\/fernwehmotive.de\/en\/groenland-inlandeis\/","og_locale":"en_US","og_type":"article","og_title":"Hiking Tour vom Eqi-Gletscher zum gr\u00f6nl\u00e4ndischen Inlandeis","og_description":"Auf den Spuren der Polarforscher - Hiking Tour vom Eqi-Gletscher zum gr\u00f6nl\u00e4ndischen Inlandeis Infos, Tipps und Route f\u00fcr eine dreit\u00e4gige Trekkingtour.","og_url":"https:\/\/fernwehmotive.de\/en\/groenland-inlandeis\/","og_site_name":"Fernweh-Motive","article_published_time":"2014-09-01T16:55:41+00:00","article_modified_time":"2025-09-12T11:54:25+00:00","og_image":[{"width":1200,"height":800,"url":"https:\/\/fernwehmotive.de\/wp-content\/uploads\/2019\/11\/hiking-tour-eqi-gletscher-inlandeis-groenland_07.jpg","type":"image\/jpeg"}],"author":"Mareike Schadach","twitter_card":"summary_large_image","twitter_misc":{"Written by":"Mareike Schadach","Est. reading time":"15 minutes"},"schema":{"@context":"https:\/\/schema.org","@graph":[{"@type":"Article","@id":"https:\/\/fernwehmotive.de\/groenland-inlandeis\/#article","isPartOf":{"@id":"https:\/\/fernwehmotive.de\/groenland-inlandeis\/"},"author":{"name":"Mareike Schadach","@id":"https:\/\/fernwehmotive.de\/#\/schema\/person\/68cd356b32dd8b38725e7286bbb30318"},"headline":"Hiking Tour vom Eqi-Gletscher zum gr\u00f6nl\u00e4ndischen Inlandeis auf eigene Faust","datePublished":"2014-09-01T16:55:41+00:00","dateModified":"2025-09-12T11:54:25+00:00","mainEntityOfPage":{"@id":"https:\/\/fernwehmotive.de\/groenland-inlandeis\/"},"wordCount":1912,"commentCount":3,"publisher":{"@id":"https:\/\/fernwehmotive.de\/#\/schema\/person\/68cd356b32dd8b38725e7286bbb30318"},"image":{"@id":"https:\/\/fernwehmotive.de\/groenland-inlandeis\/#primaryimage"},"thumbnailUrl":"https:\/\/fernwehmotive.de\/wp-content\/uploads\/2019\/11\/hiking-tour-eqi-gletscher-inlandeis-groenland_07.jpg","keywords":["History","Polargebiete"],"articleSection":["Europa","Gr\u00f6nland","Wandern"],"inLanguage":"en-US","potentialAction":[{"@type":"CommentAction","name":"Comment","target":["https:\/\/fernwehmotive.de\/groenland-inlandeis\/#respond"]}]},{"@type":"WebPage","@id":"https:\/\/fernwehmotive.de\/groenland-inlandeis\/","url":"https:\/\/fernwehmotive.de\/groenland-inlandeis\/","name":"Hiking Tour vom Eqi-Gletscher zum gr\u00f6nl\u00e4ndischen Inlandeis","isPartOf":{"@id":"https:\/\/fernwehmotive.de\/#website"},"primaryImageOfPage":{"@id":"https:\/\/fernwehmotive.de\/groenland-inlandeis\/#primaryimage"},"image":{"@id":"https:\/\/fernwehmotive.de\/groenland-inlandeis\/#primaryimage"},"thumbnailUrl":"https:\/\/fernwehmotive.de\/wp-content\/uploads\/2019\/11\/hiking-tour-eqi-gletscher-inlandeis-groenland_07.jpg","datePublished":"2014-09-01T16:55:41+00:00","dateModified":"2025-09-12T11:54:25+00:00","description":"In the footsteps of polar explorers - Hiking Tour from the Eqi Glacier to the Greenland Ice Sheet Info, tips and route for a three-day trekking tour.","breadcrumb":{"@id":"https:\/\/fernwehmotive.de\/groenland-inlandeis\/#breadcrumb"},"inLanguage":"en-US","potentialAction":[{"@type":"ReadAction","target":["https:\/\/fernwehmotive.de\/groenland-inlandeis\/"]}]},{"@type":"ImageObject","inLanguage":"en-US","@id":"https:\/\/fernwehmotive.de\/groenland-inlandeis\/#primaryimage","url":"https:\/\/fernwehmotive.de\/wp-content\/uploads\/2019\/11\/hiking-tour-eqi-gletscher-inlandeis-groenland_07.jpg","contentUrl":"https:\/\/fernwehmotive.de\/wp-content\/uploads\/2019\/11\/hiking-tour-eqi-gletscher-inlandeis-groenland_07.jpg","width":1200,"height":800,"caption":"Hiking Tour vom Eqi-Gletscher zum gr\u00f6nl\u00e4ndischen Inlandeis auf eigene Faust"},{"@type":"BreadcrumbList","@id":"https:\/\/fernwehmotive.de\/groenland-inlandeis\/#breadcrumb","itemListElement":[{"@type":"ListItem","position":1,"name":"Startseite","item":"https:\/\/fernwehmotive.de\/"},{"@type":"ListItem","position":2,"name":"Hiking Tour vom Eqi-Gletscher zum gr\u00f6nl\u00e4ndischen Inlandeis auf eigene Faust"}]},{"@type":"WebSite","@id":"https:\/\/fernwehmotive.de\/#website","url":"https:\/\/fernwehmotive.de\/","name":"Fernweh-Motive","description":"on the Trail with Backpack and Camera","publisher":{"@id":"https:\/\/fernwehmotive.de\/#\/schema\/person\/68cd356b32dd8b38725e7286bbb30318"},"potentialAction":[{"@type":"SearchAction","target":{"@type":"EntryPoint","urlTemplate":"https:\/\/fernwehmotive.de\/?s={search_term_string}"},"query-input":{"@type":"PropertyValueSpecification","valueRequired":true,"valueName":"search_term_string"}}],"inLanguage":"en-US"},{"@type":["Person","Organization"],"@id":"https:\/\/fernwehmotive.de\/#\/schema\/person\/68cd356b32dd8b38725e7286bbb30318","name":"Mareike Schadach","logo":{"@id":"https:\/\/fernwehmotive.de\/#\/schema\/person\/image\/"}}]}},"jetpack_featured_media_url":"https:\/\/fernwehmotive.de\/wp-content\/uploads\/2019\/11\/hiking-tour-eqi-gletscher-inlandeis-groenland_07.jpg","jetpack_sharing_enabled":true,"jetpack_shortlink":"https:\/\/wp.me\/pawkEb-mB","_links":{"self":[{"href":"https:\/\/fernwehmotive.de\/en\/wp-json\/wp\/v2\/posts\/1401","targetHints":{"allow":["GET"]}}],"collection":[{"href":"https:\/\/fernwehmotive.de\/en\/wp-json\/wp\/v2\/posts"}],"about":[{"href":"https:\/\/fernwehmotive.de\/en\/wp-json\/wp\/v2\/types\/post"}],"author":[{"embeddable":true,"href":"https:\/\/fernwehmotive.de\/en\/wp-json\/wp\/v2\/users\/1"}],"replies":[{"embeddable":true,"href":"https:\/\/fernwehmotive.de\/en\/wp-json\/wp\/v2\/comments?post=1401"}],"version-history":[{"count":1,"href":"https:\/\/fernwehmotive.de\/en\/wp-json\/wp\/v2\/posts\/1401\/revisions"}],"predecessor-version":[{"id":16945,"href":"https:\/\/fernwehmotive.de\/en\/wp-json\/wp\/v2\/posts\/1401\/revisions\/16945"}],"wp:featuredmedia":[{"embeddable":true,"href":"https:\/\/fernwehmotive.de\/en\/wp-json\/wp\/v2\/media\/4710"}],"wp:attachment":[{"href":"https:\/\/fernwehmotive.de\/en\/wp-json\/wp\/v2\/media?parent=1401"}],"wp:term":[{"taxonomy":"category","embeddable":true,"href":"https:\/\/fernwehmotive.de\/en\/wp-json\/wp\/v2\/categories?post=1401"},{"taxonomy":"post_tag","embeddable":true,"href":"https:\/\/fernwehmotive.de\/en\/wp-json\/wp\/v2\/tags?post=1401"}],"curies":[{"name":"wp","href":"https:\/\/api.w.org\/{rel}","templated":true}]}}